{"id":1172,"date":"2015-06-25T19:10:44","date_gmt":"2015-06-25T17:10:44","guid":{"rendered":"http:\/\/www.zivotsesyndromem.cz\/?p=1172"},"modified":"2015-06-25T19:10:44","modified_gmt":"2015-06-25T17:10:44","slug":"cesta-za-novyma-usima-3-dil","status":"publish","type":"post","link":"https:\/\/www.zivotsesyndromem.cz\/?p=1172","title":{"rendered":"Cesta za nov\u00fdma u\u0161ima &#8211; 3. d\u00edl &#8211; FIN\u00c1LE"},"content":{"rendered":"<p style=\"text-align: justify;\">autor \u010dl\u00e1nku: <strong><a href=\"http:\/\/www.zivotsesyndromem.cz\/zuzka-tcs-cs\/\">Zuzana Nov\u00e1kov\u00e1<\/a><\/strong><\/p>\n<p style=\"text-align: justify;\" align=\"justify\"><a href=\"http:\/\/www.silikonove-epitezy-protezy.cz\/\"><strong>Ortopedick\u00e1 protetika Fr\u00fddek-M\u00edstek<\/strong><\/a>, to\u0165 m\u00edsto, kde vznikaly na\u0161e nov\u00e9 u\u0161i. Na\u0161e prvn\u00ed setk\u00e1n\u00ed s <a href=\"http:\/\/www.silikonove-epitezy-protezy.cz\/onas-rosicky.html\"><strong>panem <\/strong><\/a><a href=\"http:\/\/www.silikonove-epitezy-protezy.cz\/onas-rosicky.html\"><strong>Rosick\u00fdm<\/strong><\/a><a href=\"http:\/\/www.silikonove-epitezy-protezy.cz\/onas-rosicky.html\"><strong>,<\/strong><\/a> vedouc\u00edm t\u00fdmu protetik\u016f, prob\u011bhlo ji\u017e v kv\u011btnu 2014. Nyn\u00ed o necel\u00fd rok pozd\u011bji jsme se se\u0161li znovu \u2013 u\u017e po odstran\u011bn\u00ed na\u0161ich star\u00fdch plastik. \u010cekala n\u00e1s n\u011bkolikaf\u00e1zov\u00e1 v\u00fdroba nov\u00fdch u\u0161\u00ed. Ujal se n\u00e1s <a href=\"http:\/\/www.silikonove-epitezy-protezy.cz\/onas-paravan.html\"><strong>pan <\/strong><\/a><a href=\"http:\/\/www.silikonove-epitezy-protezy.cz\/onas-paravan.html\"><strong>Mario Paravan<\/strong><\/a>, jeden ze zku\u0161en\u00fdch \u010dlen\u016f fr\u00fddeck\u00e9ho protetick\u00e9ho t\u00fdmu. S\u00e1m se p\u0159iznal, \u017ee \u010dty\u0159i u\u0161i najednou je\u0161t\u011b ned\u011blal a \u017ee to bude opravdu z\u00e1hul. Fr\u00fddek-M\u00edstek jsme nav\u0161t\u00edvily celkem t\u0159ikr\u00e1t.<\/p>\n<p style=\"text-align: justify;\"><span style=\"text-decoration: underline;\"><strong>1. n\u00e1v\u0161t\u011bva &#8211; 18.5.2015 &#8211; otisky, v\u00fdb\u011br tvaru u\u0161\u00ed, barva<br \/>\n<\/strong><\/span>Po zhruba 2 m\u011bs\u00edc\u00edch od odstran\u011bn\u00ed star\u00fdch\u201eu\u0161\u00ed\u201c v Ostrav\u011b jsme se vydaly do Fr\u00fddku-M\u00edstku. Na protetice n\u00e1m pan Paravan nejprve ud\u011blal otisky. Tedy na m\u00edsto, kde pak budou u\u0161n\u00ed epit\u00e9zy, nanesl silikon, nechal zaschnout a pak odlepil. Vznikla mu tak p\u0159esn\u00e1 p\u0159edloha pro podklad u\u0161n\u00ed epit\u00e9zy. Aby epit\u00e9za na k\u016f\u017ei po p\u0159ilepen\u00ed pevn\u011b dr\u017eela, mus\u00ed b\u00fdt sty\u010dn\u00e1 plocha naprosto toto\u017en\u00e1. Tento proces se tedy opakoval \u010dty\u0159ikr\u00e1t \u2013 \u010dty\u0159i u\u0161i. Po odebr\u00e1n\u00ed otisk\u016f n\u00e1sledovala pro n\u00e1s nejzaj\u00edmav\u011bj\u0161\u00ed \u010d\u00e1st \u2013 vyb\u00edr\u00e1n\u00ed tvaru a velikosti nov\u00fdch u\u0161\u00ed. Mohly jsme si podle datab\u00e1ze vybrat u\u0161i b\u00fdval\u00fdch klient\u016f. L\u00e9ka\u0159sk\u00e1 technika, kterou disponuj\u00ed ve Fr\u00fddku-M\u00edstku, je schopna ud\u011blat p\u0159esnou kopii. Vybran\u00fd tvar se d\u00e1 zmen\u0161it, zv\u011bt\u0161it nebo upravit proporce dle p\u0159\u00e1n\u00ed a viz\u00e1\u017ee klienta.. Je mo\u017en\u00e9 si i vybrat ucho kohokoliv ve sv\u00e9m okol\u00ed, dokonce i podle n\u011bjak\u00e9 celebrity. V\u0161echno je mo\u017en\u00e9. My s Evou jsme byly skromn\u00e9 a vybraly jsme si u\u0161i podle b\u00fdval\u00fdch klient\u016f. Pan Paravan n\u00e1m pak p\u0159inesl uk\u00e1zat s\u00e1drov\u00e9 odlitky t\u011bchto u\u0161\u00ed, abychom si je mohly p\u0159ilo\u017eit k hlav\u011b. J\u00e1 jsem si nechala tyto u\u0161i pouze mali\u010dko poupravit (zmen\u0161it lal\u016f\u010dek, ohnout bl\u00ed\u017ee k hlav\u011b atd.). Eva si nech\u00e1vala u\u0161i o 5% zmen\u0161ovat. Na dal\u0161\u00ed n\u00e1v\u0161t\u011bv\u011b jsme se mohly t\u011b\u0161it u\u017e na voskov\u00fd p\u0159edtvar na\u0161ich nov\u00fdch u\u0161\u00ed :-).<\/p>\n<p><a href=\"http:\/\/www.zivotsesyndromem.cz\/wp-content\/uploads\/2015\/06\/E_po_operaci.jpg\"><img loading=\"lazy\" decoding=\"async\" class=\"alignnone wp-image-1260 size-thumbnail\" src=\"http:\/\/www.zivotsesyndromem.cz\/wp-content\/uploads\/2015\/06\/Po-operaci-150x150.jpg\" alt=\"Po operaci\" width=\"150\" height=\"150\" \/><img loading=\"lazy\" decoding=\"async\" class=\" wp-image-1259 size-thumbnail alignright\" src=\"http:\/\/www.zivotsesyndromem.cz\/wp-content\/uploads\/2015\/06\/E_po_operaci-150x150.jpg\" alt=\"E_po_operaci\" width=\"150\" height=\"150\" \/><\/a><\/p>\n<p>Foto 1: Zuzka N. po operaci \u00a0 \u00a0 \u00a0 \u00a0 \u00a0 \u00a0 \u00a0 \u00a0 \u00a0 \u00a0 \u00a0 \u00a0 \u00a0 \u00a0 \u00a0 \u00a0 \u00a0 \u00a0 \u00a0 \u00a0 \u00a0 \u00a0 \u00a0 \u00a0 \u00a0 \u00a0 \u00a0 \u00a0 \u00a0 \u00a0 \u00a0 \u00a0 \u00a0 \u00a0 \u00a0 \u00a0 \u00a0 \u00a0 \u00a0 \u00a0 \u00a0 \u00a0 \u00a0 \u00a0 \u00a0 \u00a0 \u00a0 \u00a0 \u00a0Foto 2: Eva D. po operaci<\/p>\n<p style=\"text-align: justify;\"><strong><br \/>\n3.6.2015 &#8211; zkou\u0161ka voskov\u00e9ho p\u0159edtvaru u\u0161\u00ed<\/strong><br \/>\nPo 3 t\u00fddnech jsme se op\u011bt vydaly na \u201ev\u00fdlet\u201c do Fr\u00fddku-M\u00edstku. Pan Paravan m\u011bl dle na\u0161ich po\u017eadavk\u016f vytvo\u0159en\u00e9 voskov\u00e9 p\u0159edtvary u\u0161\u00ed z 3D tisk\u00e1rny. Hlavn\u00ed n\u00e1pln\u00ed t\u00e9to n\u00e1v\u0161t\u011bvy bylo zkou\u0161ka voskov\u00e9ho tvaru p\u0159\u00edmo na n\u00e1s. Ob\u011b jsme si navz\u00e1jem mohly \u0159\u00edct, co vylep\u0161it. A\u017e kdy\u017e jsme \u0159ekly, ano, tohle je ono, takhle to chci, mohl se pan Paravan pustit do v\u00fdroby samotn\u00e9 epit\u00e9zy ze silikonu.<\/p>\n<p>\u00a0<a href=\"http:\/\/www.zivotsesyndromem.cz\/wp-content\/uploads\/2015\/06\/DSC_0065.jpg\"><img loading=\"lazy\" decoding=\"async\" class=\" size-medium wp-image-1262 alignnone\" src=\"http:\/\/www.zivotsesyndromem.cz\/wp-content\/uploads\/2015\/06\/DSC_0068-276x300.jpg\" alt=\"DSC_0068\" width=\"276\" height=\"300\" \/><img loading=\"lazy\" decoding=\"async\" class=\"alignnone size-medium wp-image-1261\" src=\"http:\/\/www.zivotsesyndromem.cz\/wp-content\/uploads\/2015\/06\/DSC_0065-280x300.jpg\" alt=\"DSC_0065\" width=\"280\" height=\"300\" \/><\/a><\/p>\n<p>Foto 3: Zuzka N. &#8211; zkou\u0161ka \u00a0u\u0161\u00ed ve vosku \u00a0 \u00a0 \u00a0 \u00a0 \u00a0 \u00a0 \u00a0 \u00a0 \u00a0 \u00a0 Foto 4: Eva D. &#8211; zkou\u0161ka u\u0161\u00ed ve vosku<\/p>\n<p style=\"text-align: justify;\"><strong><br \/>\n24.6.2015 \u2013 fin\u00e1ln\u00ed dobarvov\u00e1n\u00ed u\u0161\u00ed, p\u0159evzet\u00ed<\/strong><br \/>\nP\u0159i t\u0159et\u00ed n\u00e1v\u0161t\u011bv\u011b (ano, to je\u017ed\u011bn\u00ed do FM bylo velmi n\u00e1ro\u010dn\u00e9 a \u00fanavn\u00e9) u\u017e byly epit\u00e9zy hotov\u00e9. Nemohly jsme se do\u010dkat, a\u017e si je vyzkou\u0161\u00edme. Ten pocit, \u017ee m\u00e1te najednou za co si zahrnout vlasy, byl prost\u011b bo\u017e\u00ed :). A ten pocit, \u017ee se m\u016f\u017eeme nechat zkr\u00e1\u0161lit n\u00e1u\u0161nicemi, k nezaplacen\u00ed :).<\/p>\n<p style=\"text-align: justify;\" align=\"justify\">Na t\u00e9to n\u00e1v\u0161t\u011bv\u011b se u\u0161i je\u0161t\u011b dobarvovaly, aby ladily s na\u0161\u00ed barvou pleti. To bylo velmi \u010dasov\u011b n\u00e1ro\u010dn\u00e9, ale pan Paravan stihl v\u0161echny \u010dty\u0159i u\u0161i za jeden den! I kdy\u017e jsme kv\u016fli tomu musely p\u0159ijet do FM o den d\u0159\u00edv, abychom na klinice byly kolem osm\u00e9 hodiny rann\u00ed. Kolem \u010dtvrt\u00e9 odpoledne u\u017e jsme odj\u00ed\u017ed\u011bly s nov\u00fdmi ou\u0161ky a neodolaly jsme ani v\u0161emo\u017en\u00fdm self\u00ed\u010dk\u016fm. Ale uznejte, st\u00e1lo to za to.<\/p>\n<p style=\"text-align: justify;\" align=\"justify\"><a href=\"http:\/\/www.zivotsesyndromem.cz\/wp-content\/uploads\/2015\/06\/DSC_0166-\u2013-kopie1.jpg\"><img loading=\"lazy\" decoding=\"async\" class=\" size-medium wp-image-1273 alignnone\" src=\"http:\/\/www.zivotsesyndromem.cz\/wp-content\/uploads\/2015\/06\/DSC_0186-\u2013-kopie-287x300.jpg\" alt=\"Zuzka\" width=\"287\" height=\"300\" \/><img loading=\"lazy\" decoding=\"async\" class=\" size-medium wp-image-1277 alignnone\" src=\"http:\/\/www.zivotsesyndromem.cz\/wp-content\/uploads\/2015\/06\/DSC_0166-\u2013-kopie1-285x300.jpg\" alt=\"Eva\" width=\"285\" height=\"300\" \/><\/a><\/p>\n<p style=\"text-align: justify;\" align=\"justify\">Foto 5: Zuzka N. \u00a0 \u00a0 \u00a0 \u00a0 \u00a0 \u00a0 \u00a0 \u00a0 \u00a0 \u00a0 \u00a0 \u00a0 \u00a0 \u00a0 \u00a0 \u00a0 \u00a0 \u00a0 \u00a0 \u00a0 \u00a0 \u00a0 \u00a0 \u00a0 \u00a0 \u00a0 \u00a0 \u00a0 \u00a0 \u00a0 \u00a0 \u00a0 \u00a0 \u00a0 \u00a0Foto 6: Eva D.<\/p>\n<p style=\"text-align: justify;\"><span style=\"text-decoration: underline;\"><strong>Technick\u00e9 informace:<\/strong><\/span><br \/>\nPovrch silikonov\u00fdch epit\u00e9z je vytvrzen speci\u00e1ln\u00ed ochrannou vrstvou proti ot\u011bru.<br \/>\nNa definovan\u00e9 m\u00edsto se lep\u00ed speci\u00e1ln\u00ed lepidlem, obvykle denn\u011b.<br \/>\n\u010casem se silikonov\u00e9 epit\u00e9zy opot\u0159ebuj\u00ed, proto plat\u00ed n\u00e1rok na nov\u00e9 epit\u00e9zy po 2 letech.<br \/>\nV\u0161e je hrazeno v\u0161eobecnou zdravotn\u00ed poji\u0161\u0165ovnou po schv\u00e1len\u00ed n\u00e1vrhu.<\/p>\n","protected":false},"excerpt":{"rendered":"<p> &#8230; <a title=\"Cesta za nov\u00fdma u\u0161ima &#8211; 3. d\u00edl &#8211; FIN\u00c1LE\" class=\"read-more\" href=\"https:\/\/www.zivotsesyndromem.cz\/?p=1172\" aria-label=\"\u010c\u00edst v\u00edce o Cesta za nov\u00fdma u\u0161ima &#8211; 3. d\u00edl &#8211; FIN\u00c1LE\">Read More<\/a><\/p>\n","protected":false},"author":2,"featured_media":0,"comment_status":"open","ping_status":"open","sticky":false,"template":"","format":"gallery","meta":{"footnotes":""},"categories":[17],"tags":[],"class_list":["post-1172","post","type-post","status-publish","format-gallery","hentry","category-operace-a-zakroky","post_format-post-format-gallery","generate-columns","tablet-grid-50","mobile-grid-100","grid-parent","grid-50"],"_links":{"self":[{"href":"https:\/\/www.zivotsesyndromem.cz\/index.php?rest_route=\/wp\/v2\/posts\/1172","targetHints":{"allow":["GET"]}}],"collection":[{"href":"https:\/\/www.zivotsesyndromem.cz\/index.php?rest_route=\/wp\/v2\/posts"}],"about":[{"href":"https:\/\/www.zivotsesyndromem.cz\/index.php?rest_route=\/wp\/v2\/types\/post"}],"author":[{"embeddable":true,"href":"https:\/\/www.zivotsesyndromem.cz\/index.php?rest_route=\/wp\/v2\/users\/2"}],"replies":[{"embeddable":true,"href":"https:\/\/www.zivotsesyndromem.cz\/index.php?rest_route=%2Fwp%2Fv2%2Fcomments&post=1172"}],"version-history":[{"count":0,"href":"https:\/\/www.zivotsesyndromem.cz\/index.php?rest_route=\/wp\/v2\/posts\/1172\/revisions"}],"wp:attachment":[{"href":"https:\/\/www.zivotsesyndromem.cz\/index.php?rest_route=%2Fwp%2Fv2%2Fmedia&parent=1172"}],"wp:term":[{"taxonomy":"category","embeddable":true,"href":"https:\/\/www.zivotsesyndromem.cz\/index.php?rest_route=%2Fwp%2Fv2%2Fcategories&post=1172"},{"taxonomy":"post_tag","embeddable":true,"href":"https:\/\/www.zivotsesyndromem.cz\/index.php?rest_route=%2Fwp%2Fv2%2Ftags&post=1172"}],"curies":[{"name":"wp","href":"https:\/\/api.w.org\/{rel}","templated":true}]}}