{"id":1185,"date":"2015-06-13T20:59:16","date_gmt":"2015-06-13T18:59:16","guid":{"rendered":"http:\/\/www.zivotsesyndromem.cz\/?p=1185"},"modified":"2015-06-13T20:59:16","modified_gmt":"2015-06-13T18:59:16","slug":"prislusenstvi-pro-sluchadlo-baha","status":"publish","type":"post","link":"https:\/\/www.zivotsesyndromem.cz\/?p=1185","title":{"rendered":"P\u0159\u00edslu\u0161enstv\u00ed pro sluchadlo BAHA"},"content":{"rendered":"<p style=\"text-align: justify;\"><span style=\"color: #000000;\"><strong>V\u011bt\u0161\u00ed z\u00e1\u017eitek s BAHA\u00ae<\/strong><\/span><\/p>\n<p style=\"text-align: justify;\"><span style=\"color: #000000;\">spole\u010dnost Cochlear usiluj\u00ed o to, aby u\u017eivatel\u016fm poskytli co nejlep\u0161\u00ed z\u00e1\u017eitek z poslechu v nejr\u016fzn\u011bj\u0161\u00edch prost\u0159ed\u00edch. N\u00ed\u017ee uveden\u00e9 p\u0159\u00edslu\u0161enstv\u00ed lze p\u0159ipojit k p\u0159\u00edm\u00e9mu audio vstupu na sluchadle BAHA.<\/span><\/p>\n<p style=\"text-align: justify;\"><span style=\"color: #000000;\">Z\u00e1ruka se nevztahuje na vady nebo po\u0161kozen\u00ed, kter\u00e9 vzniknou na z\u00e1klad\u011b pou\u017e\u00edv\u00e1n\u00ed t\u011bchto V\u00fdrobk\u016f s jak\u00fdmkoliv procesorov\u00fdmi jednotkami nebo implant\u00e1ty, kter\u00e9 nepoch\u00e1zej\u00ed od spole\u010dnosti Cochlear, nebo v souvislosti s takov\u00fdm pou\u017e\u00edv\u00e1n\u00edm. Dal\u0161\u00ed informace na \u201eZ\u00e1ru\u010dn\u00edm listu glob\u00e1ln\u00ed omezen\u00e9 z\u00e1ruky na v\u00fdrobky <strong>Cochlear BAHA<\/strong>\u201c.<\/span><\/p>\n<p style=\"text-align: justify;\"><span style=\"color: #000000;\"><span lang=\"cs-CZ\"><br \/>\n<\/span><strong><span lang=\"cs-CZ\">Audio-adapt\u00e9r (\u010dern\u00fd)<\/span><\/strong><\/span><\/p>\n<p style=\"text-align: justify;\"><span style=\"color: #000000;\"><a style=\"color: #000000;\" href=\"http:\/\/www.zivotsesyndromem.cz\/wp-content\/uploads\/2015\/06\/audio_adapter.gif\"><img loading=\"lazy\" decoding=\"async\" class=\" size-full wp-image-1186 alignright\" src=\"http:\/\/www.zivotsesyndromem.cz\/wp-content\/uploads\/2015\/06\/audio_adapter.gif\" alt=\"audio_adapter\" width=\"250\" height=\"250\" \/><\/a><\/span><\/p>\n<ul style=\"text-align: justify;\">\n<li><span style=\"color: #000000;\">umo\u017e\u0148uje p\u0159\u00edm\u00e9 napojen\u00ed na po\u010d\u00edta\u010de, osobn\u00ed stereo za\u0159\u00edzen\u00ed, televize, MP3 p\u0159ehr\u00e1va\u010de, mobiln\u00ed telefony a dal\u0161\u00ed extern\u00ed zvukov\u00e1 za\u0159\u00edzen\u00ed.<\/span><\/li>\n<li><span style=\"color: #000000;\">Lze jej pou\u017e\u00edt i na syst\u00e9my FM nebo IR<\/span><\/li>\n<li><span style=\"color: #000000;\">k dispozici jsou 2 modely:<br \/>\n1. pro p\u0159\u00edstroje no\u0161en\u00e9 na hlav\u011b (BAHA Divino, BAHA Intenso) \u2013 135 m<\/span><br \/>\n<span style=\"color: #000000;\"> 2. pro p\u0159\u00edstroj Cordelle no\u0161en\u00fd na t\u011ble \u2013 190 cm<\/span><\/li>\n<\/ul>\n<ul style=\"text-align: justify;\">\n<li><span style=\"color: #000000;\">k dispozici je spojovac\u00ed kabel pro ty, kdo nos\u00ed BAHA oboustrann\u011b \u2013 135 cm<\/span><\/li>\n<\/ul>\n<p style=\"text-align: justify;\"><span style=\"color: #000000;\"><strong><span lang=\"cs-CZ\">Jednotka Telecoil (\u010dern\u00fd)<\/span><\/strong><\/span><\/p>\n<ul style=\"text-align: justify;\">\n<li><span style=\"color: #000000;\">zvy\u0161uje kvalitu zvuku a zlep\u0161uje dorozum\u00edv\u00e1n\u00ed p\u0159i pou\u017eit\u00ed ve ve\u0159ejn\u00fdch budov\u00e1ch vybaven\u00fdch induk\u010dn\u00ed smy\u010dkou, jako jsou nap\u0159. \u0160koly, kostely, divadla, kina, p\u0159edn\u00e1\u0161kov\u00e9 s\u00e1ly apod.<\/span><\/li>\n<li><span style=\"color: #000000;\">Pou\u017eit\u00ed i v dom\u00e1cnostech se sluch\u00e1tky, televizory a stero syst\u00e9my, jsou-li instalov\u00e1ny p\u0159\u00edslu\u0161n\u00ed osobn\u00ed induk\u010dn\u00ed smy\u010dky<\/span><\/li>\n<\/ul>\n<ol style=\"text-align: justify;\">\n<li><span style=\"color: #000000;\"><img loading=\"lazy\" decoding=\"async\" class=\" size-full wp-image-1188 alignleft\" src=\"http:\/\/www.zivotsesyndromem.cz\/wp-content\/uploads\/2015\/06\/telecoil.jpg\" alt=\"telecoil\" width=\"200\" height=\"200\" \/>model \u2013 pro Classis 300<\/span><\/li>\n<li><span style=\"color: #000000;\">model pro BAHA Divino, Intenso, Compact<\/span><\/li>\n<\/ol>\n<p style=\"text-align: justify;\"><span style=\"color: #000000;\">&#8211; p\u0159ep\u00edna\u010d M-MT-T, tak\u017ee si m\u016f\u017eete zvolit:<\/span><\/p>\n<p style=\"text-align: justify;\"><span style=\"color: #000000;\">\u2014 zda chcete sly\u0161et v\u00fdhradn\u011b p\u0159\u00edjem z induk\u010dn\u00ed smy\u010dky<\/span><\/p>\n<p style=\"text-align: justify;\"><span style=\"color: #000000;\">\u2014 zda chcete sly\u0161et zvuky ze syst\u00e9mu induk\u010dn\u00ed smy\u010dky i mimo n\u011bj<\/span><\/p>\n<p style=\"text-align: justify;\"><span style=\"color: #000000;\">\u2014 zda chcete Telecoil vypnout (ani\u017e byste ho sundali), odpojit od syst\u00e9mu induk\u010dn\u00ed smy\u010dky a sly\u0161et jako obvykle s Va\u0161im zvukov\u00fdm procesorem.<\/span><\/p>\n<p style=\"text-align: justify;\"><span style=\"color: #000000;\"><strong><span lang=\"cs-CZ\">FM p\u0159ij\u00edma\u010d MicroLink pro BAHA (MicroMLxS)<\/span><\/strong><\/span><\/p>\n<ul style=\"text-align: justify;\">\n<li><span style=\"color: #000000;\">umo\u017e\u0148uje pou\u017e\u00edvat FM syst\u00e9my, kter\u00e9 se b\u011b\u017en\u011b vyu\u017e\u00edvaj\u00ed ve \u0161koln\u00edch t\u0159\u00edd\u00e1ch<\/span><\/li>\n<li><span style=\"color: #000000;\">umo\u017e\u0148uje pou\u017e\u00edv\u00e1n\u00ed vys\u00edla\u010dek Phonak FM<img loading=\"lazy\" decoding=\"async\" class=\" size-full wp-image-1187 alignright\" src=\"http:\/\/www.zivotsesyndromem.cz\/wp-content\/uploads\/2015\/06\/baha_phonak_microlink.jpg\" alt=\"baha_phonak_microlink\" width=\"140\" height=\"140\" \/><\/span><\/li>\n<li><span style=\"color: #000000;\">k dispozici pouze pro BAHA Divino, BAHA Intenso a BAHA Compact<\/span><\/li>\n<li><span style=\"color: #000000;\"><span lang=\"cs-CZ\">pro dal\u0161\u00ed informaci a objedn\u00e1vky kontaktujte m\u00edstn\u00edho distributora Phonak (<\/span><strong><a style=\"color: #000000;\" href=\"http:\/\/www.phonak.com\/\" target=\"_blank\" rel=\"noopener\"><span lang=\"cs-CZ\">www.phonak.com<\/span><\/a><\/strong><span lang=\"cs-CZ\">)<\/span><\/span><\/li>\n<\/ul>\n<p style=\"text-align: justify;\"><span style=\"color: #000000;\">Pou\u017eito z ofici\u00e1ln\u00ed \u010desk\u00e9 bro\u017eurky od Cochlear (<strong><a style=\"color: #000000;\" href=\"http:\/\/www.cochlear.com\/\" target=\"_blank\" rel=\"noopener\">www.cochlear.com<\/a><\/strong>)<\/span><\/p>\n","protected":false},"excerpt":{"rendered":"<p> &#8230; <a title=\"P\u0159\u00edslu\u0161enstv\u00ed pro sluchadlo BAHA\" class=\"read-more\" href=\"https:\/\/www.zivotsesyndromem.cz\/?p=1185\" aria-label=\"\u010c\u00edst v\u00edce o P\u0159\u00edslu\u0161enstv\u00ed pro sluchadlo BAHA\">Read More<\/a><\/p>\n","protected":false},"author":2,"featured_media":0,"comment_status":"open","ping_status":"open","sticky":false,"template":"","format":"gallery","meta":{"footnotes":""},"categories":[19],"tags":[],"class_list":["post-1185","post","type-post","status-publish","format-gallery","hentry","category-sluchadla","post_format-post-format-gallery","generate-columns","tablet-grid-50","mobile-grid-100","grid-parent","grid-50"],"_links":{"self":[{"href":"https:\/\/www.zivotsesyndromem.cz\/index.php?rest_route=\/wp\/v2\/posts\/1185","targetHints":{"allow":["GET"]}}],"collection":[{"href":"https:\/\/www.zivotsesyndromem.cz\/index.php?rest_route=\/wp\/v2\/posts"}],"about":[{"href":"https:\/\/www.zivotsesyndromem.cz\/index.php?rest_route=\/wp\/v2\/types\/post"}],"author":[{"embeddable":true,"href":"https:\/\/www.zivotsesyndromem.cz\/index.php?rest_route=\/wp\/v2\/users\/2"}],"replies":[{"embeddable":true,"href":"https:\/\/www.zivotsesyndromem.cz\/index.php?rest_route=%2Fwp%2Fv2%2Fcomments&post=1185"}],"version-history":[{"count":0,"href":"https:\/\/www.zivotsesyndromem.cz\/index.php?rest_route=\/wp\/v2\/posts\/1185\/revisions"}],"wp:attachment":[{"href":"https:\/\/www.zivotsesyndromem.cz\/index.php?rest_route=%2Fwp%2Fv2%2Fmedia&parent=1185"}],"wp:term":[{"taxonomy":"category","embeddable":true,"href":"https:\/\/www.zivotsesyndromem.cz\/index.php?rest_route=%2Fwp%2Fv2%2Fcategories&post=1185"},{"taxonomy":"post_tag","embeddable":true,"href":"https:\/\/www.zivotsesyndromem.cz\/index.php?rest_route=%2Fwp%2Fv2%2Ftags&post=1185"}],"curies":[{"name":"wp","href":"https:\/\/api.w.org\/{rel}","templated":true}]}}