{"id":1219,"date":"2015-06-17T22:02:47","date_gmt":"2015-06-17T20:02:47","guid":{"rendered":"http:\/\/www.zivotsesyndromem.cz\/?p=1219"},"modified":"2015-06-17T22:02:47","modified_gmt":"2015-06-17T20:02:47","slug":"vzpominka-na-nataceni-reportaze-o-nas","status":"publish","type":"post","link":"https:\/\/www.zivotsesyndromem.cz\/?p=1219","title":{"rendered":"Vzpom\u00ednka na nat\u00e1\u010den\u00ed report\u00e1\u017ee o n\u00e1s :)"},"content":{"rendered":"<p class=\"western\" align=\"justify\"><span style=\"font-family: Calibri, sans-serif;\"><span style=\"font-size: large;\">Letos je tomu ji\u017e <strong>5 let<\/strong>, co mi v mailu p\u0159ist\u00e1l &#8222;<em>Pozdrav zo slovenskej TV Mark\u00edza&#8220;\u00a0<\/em>od redaktorky Michaely.\u00a0<\/span><\/span><span style=\"font-family: Calibri, sans-serif;\"><span style=\"font-size: large;\">Sta\u010dil mi p\u0159e\u010d\u00edst n\u00e1zev zpr\u00e1vy a tu\u0161ila jsem, \u017ee se bude jednat o m\u00e9 p\u016fvodn\u00ed webov\u00e9 str\u00e1nky. A taky \u017ee jo <\/span><\/span><span style=\"font-family: Wingdings;\"><span style=\"font-size: large;\">\uf04a<\/span><\/span><span style=\"font-family: Calibri, sans-serif;\"><span style=\"font-size: large;\">. Od redaktorky po\u0159adu <strong>Reflex<\/strong> Michaely jsem dostala nab\u00eddku nato\u010dit kr\u00e1tkou report\u00e1\u017e o m\u00e9 webov\u00e9 str\u00e1nce a o m\u00e9m posti\u017een\u00ed. U\u017e d\u0159\u00edve mne napadlo, \u017ee by nebylo \u0161patn\u00e9 nato\u010dit o tomhle syndromu n\u011bjak\u00fd dokument nebo napsat \u010dl\u00e1nek do novin, ale po\u0159\u00e1d jsem nenach\u00e1zela odvahu, proto jsem nyn\u00ed nezav\u00e1hala a \u0161la do toho t\u00e9m\u011b\u0159 po hlav\u011b<\/span><\/span><span style=\"font-family: Wingdings;\"><span style=\"font-size: large;\">\uf04a<\/span><\/span><span style=\"font-family: Calibri, sans-serif;\"><span style=\"font-size: large;\"> Po p\u00e1r vym\u011bn\u011bn\u00fdch e-mailech, kde jsme si s\u00a0Michaelou potykaly, jsme domluvily term\u00edn nat\u00e1\u010den\u00ed, a to u mne na priv\u00e1te v\u00a0Brn\u011b, kam by m\u011bly dorazit i holky Pe\u0165a se Zuzkou.<\/span><\/span><\/p>\n<p class=\"western\" align=\"justify\"><strong><span style=\"font-family: Calibri, sans-serif;\"><span style=\"font-size: large;\">6.3.2010 &#8211; nat\u00e1\u010den\u00ed report\u00e1\u017ee<br \/>\n<\/span><\/span><\/strong><span style=\"font-family: Calibri, sans-serif;\"><span style=\"font-size: large;\">Nastal den D. P\u0159edpokl\u00e1dan\u00fd p\u0159\u00edjezd redaktorky Michaely a sympatick\u00e9ho kameramana byl stanoven na p\u016fl 1. Po definitivn\u00edm \u00faklidu a p\u0159\u00edpravy mal\u00e9ho ob\u010derstven\u00ed p\u0159ijela prvn\u00ed Pe\u0165a, hned po n\u00ed dorazila i Zuzka. Ani jsme se nesta\u010dili zapov\u00eddat a u\u017e tu byla hlavn\u00ed pos\u00e1dka\u2026<\/span><\/span><span style=\"font-family: Wingdings;\"><span style=\"font-size: large;\">\uf04a<\/span><\/span><\/p>\n<p class=\"western\" align=\"justify\"><span style=\"font-family: Calibri, sans-serif;\"><span style=\"font-size: large;\">Nejd\u0159\u00edv jsme za\u010dali to\u010dit samotn\u00e9 rozhovory. J\u00e1 jako hlavn\u00ed akt\u00e9r \u00a0jsem to musela podstoupit jako prvn\u00ed. Ale \u0161lo to hladce. Po mn\u011b si vyzkou\u0161ely i holky, jak\u00e9 to je b\u00fdt p\u0159ed kamerou. V\u0161e bylo p\u0159irozen\u00e9 a nenucen\u00e9, tak\u017ee jsme nebyly ani tak nerv\u00f3zn\u00ed. Po nato\u010den\u00ed rozhovor\u016f se d\u011blaly dot\u00e1\u010dky (dokr\u016ftky<\/span><\/span><span style=\"font-family: Wingdings;\"><span style=\"font-size: large;\">\uf04a<\/span><\/span><span style=\"font-family: Calibri, sans-serif;\"><span style=\"font-size: large;\">) z\u00a0b\u011b\u017en\u00e9ho \u017eivota jako proch\u00e1zka, \u010dek\u00e1n\u00ed na zast\u00e1vce, va\u0159en\u00ed k\u00e1vy, apod. <\/span><\/span><\/p>\n<p class=\"western\" align=\"justify\"><span style=\"font-family: Calibri, sans-serif;\"><span style=\"font-size: large;\">Po dvou p\u0159\u00edjemn\u011b str\u00e1ven\u00fdch hodin\u00e1ch jsme se rozlou\u010dili a sl\u00edbili si, \u017ee se ur\u010dit\u011b n\u011bkdy \u201estretneme\u201c bez kamery <\/span><\/span><span style=\"font-family: Wingdings;\"><span style=\"font-size: large;\">\uf04a<\/span><\/span><span style=\"font-family: Calibri, sans-serif;\"><span style=\"font-size: large;\">. <\/span><\/span><\/p>\n<p class=\"western\" align=\"justify\">Report\u00e1\u017e byla odvys\u00edl\u00e1na v po\u0159adu <strong>Reflex<\/strong> o m\u011bs\u00edc pozd\u011bji, <strong>17.3.2010<\/strong><\/p>\n","protected":false},"excerpt":{"rendered":"<p> &#8230; <a title=\"Vzpom\u00ednka na nat\u00e1\u010den\u00ed report\u00e1\u017ee o n\u00e1s :)\" class=\"read-more\" href=\"https:\/\/www.zivotsesyndromem.cz\/?p=1219\" aria-label=\"\u010c\u00edst v\u00edce o Vzpom\u00ednka na nat\u00e1\u010den\u00ed report\u00e1\u017ee o n\u00e1s :)\">Read More<\/a><\/p>\n","protected":false},"author":2,"featured_media":0,"comment_status":"open","ping_status":"open","sticky":false,"template":"","format":"video","meta":{"footnotes":""},"categories":[15],"tags":[],"class_list":["post-1219","post","type-post","status-publish","format-video","hentry","category-novinky","post_format-post-format-video","generate-columns","tablet-grid-50","mobile-grid-100","grid-parent","grid-50"],"_links":{"self":[{"href":"https:\/\/www.zivotsesyndromem.cz\/index.php?rest_route=\/wp\/v2\/posts\/1219","targetHints":{"allow":["GET"]}}],"collection":[{"href":"https:\/\/www.zivotsesyndromem.cz\/index.php?rest_route=\/wp\/v2\/posts"}],"about":[{"href":"https:\/\/www.zivotsesyndromem.cz\/index.php?rest_route=\/wp\/v2\/types\/post"}],"author":[{"embeddable":true,"href":"https:\/\/www.zivotsesyndromem.cz\/index.php?rest_route=\/wp\/v2\/users\/2"}],"replies":[{"embeddable":true,"href":"https:\/\/www.zivotsesyndromem.cz\/index.php?rest_route=%2Fwp%2Fv2%2Fcomments&post=1219"}],"version-history":[{"count":0,"href":"https:\/\/www.zivotsesyndromem.cz\/index.php?rest_route=\/wp\/v2\/posts\/1219\/revisions"}],"wp:attachment":[{"href":"https:\/\/www.zivotsesyndromem.cz\/index.php?rest_route=%2Fwp%2Fv2%2Fmedia&parent=1219"}],"wp:term":[{"taxonomy":"category","embeddable":true,"href":"https:\/\/www.zivotsesyndromem.cz\/index.php?rest_route=%2Fwp%2Fv2%2Fcategories&post=1219"},{"taxonomy":"post_tag","embeddable":true,"href":"https:\/\/www.zivotsesyndromem.cz\/index.php?rest_route=%2Fwp%2Fv2%2Ftags&post=1219"}],"curies":[{"name":"wp","href":"https:\/\/api.w.org\/{rel}","templated":true}]}}