{"id":1793,"date":"2016-04-10T15:23:50","date_gmt":"2016-04-10T13:23:50","guid":{"rendered":"http:\/\/www.zivotsesyndromem.cz\/?p=1793"},"modified":"2016-04-10T15:23:50","modified_gmt":"2016-04-10T13:23:50","slug":"moznosti-rane-pece-u-deti-s-tcs-a-gs","status":"publish","type":"post","link":"https:\/\/www.zivotsesyndromem.cz\/?p=1793","title":{"rendered":"Mo\u017enosti ran\u00e9 p\u00e9\u010de u d\u011bt\u00ed s TCS a GS"},"content":{"rendered":"<p style=\"text-align: justify;\"><span style=\"font-size: 12pt;\">Tento p\u0159\u00edsp\u011bvek je zam\u011b\u0159en\u00fd zejm\u00e9na pro rodi\u010de, kte\u0159\u00ed o\u010dek\u00e1vaj\u00ed p\u0159\u00edchod miminka nebo maj\u00ed narozen\u00e9 d\u00edt\u011b s posti\u017een\u00edm, a\u0165 u\u017e s <strong><a href=\"http:\/\/www.zivotsesyndromem.cz\/treacher-collins-syndrom-tcs\/\" target=\"_blank\" rel=\"noopener\">Treacher Collins syndromem<\/a>,<\/strong> s <a href=\"http:\/\/www.zivotsesyndromem.cz\/goldenhar-syndrom\/\" target=\"_blank\" rel=\"noopener\"><strong>Goldenhar syndromem<\/strong> <\/a>nebo jin\u00fdm t\u011blesn\u00fdm, ment\u00e1ln\u00edm, smyslov\u00fdm \u010di kombinovan\u00fdm posti\u017een\u00edm.<\/span><\/p>\n<p style=\"text-align: justify;\"><span style=\"font-size: 14pt;\"><span style=\"color: #ff0000;\"><em>\u201ePosti\u017een\u00e9 d\u00edt\u011b m\u00e1 pr\u00e1vo na zvl\u00e1\u0161tn\u00ed p\u00e9\u010di, v\u00fdchovu a profesn\u00ed p\u0159\u00edpravu, aby mohlo \u017e\u00edt pln\u00fdm a d\u016fstojn\u00fdm \u017eivotem a dos\u00e1hnout nejv\u00fd\u0161e mo\u017en\u00e9ho stupn\u011b samostatnosti a soci\u00e1ln\u00edho za\u010dlen\u011bn\u00ed.\u201c<\/em> <\/span>(\u00damluva o pr\u00e1vech d\u00edt\u011bte)<\/span><\/p>\n<p style=\"text-align: justify;\"><strong><span style=\"font-size: 14pt;\">Co je RAN\u00c1 P\u00c9\u010cE?<br \/>\n<\/span><\/strong><span style=\"font-size: 14pt;\">\u201eJedn\u00e1 se o soustavu slu\u017eeb a\u00a0program\u016f poskytovan\u00fdch d\u011btem ohro\u017een\u00fdm v\u00a0soci\u00e1ln\u00edm, biologick\u00e9m a psychick\u00e9m v\u00fdvoji, d\u011btem se zdravotn\u00edm posti\u017een\u00edm a jejich rodin\u00e1m s\u00a0c\u00edlem p\u0159edch\u00e1zet posti\u017een\u00ed, eliminovat nebo zm\u00edrnit jeho d\u016fsledky a poskytnout rodin\u011b, d\u00edt\u011bti i spole\u010dnosti p\u0159edpoklady soci\u00e1ln\u00ed integrace.\u201c (1)<\/span><\/p>\n<p style=\"text-align: justify;\"><span style=\"font-size: 14pt;\">Podle <strong><a href=\"http:\/\/www.zakonyprolidi.cz\/cs\/2006-108#cast3\" target=\"_blank\" rel=\"noopener\">Z\u00e1kona o soci\u00e1ln\u00edch slu\u017eb\u00e1ch \u010d.108\/2006 Sb<\/a>.<\/strong>\u00a0dle <strong>\u00a7 54<\/strong> je ran\u00e1 p\u00e9\u010de <strong>bezplatn\u00e1 ter\u00e9nn\u00ed slu\u017eba<\/strong>, pop\u0159\u00edpad\u011b dopln\u011bn\u00e1 ambulantn\u00ed formou slu\u017eby, poskytovan\u00e1 <strong>d\u00edt\u011bti a rodi\u010d\u016fm d\u00edt\u011bte ve v\u011bku do 7 let<\/strong>, kter\u00e9 je zdravotn\u011b posti\u017een\u00e9, nebo jeho\u017e v\u00fdvoj je ohro\u017een v\u00a0d\u016fsledku nep\u0159\u00edzniv\u00e9ho zdravotn\u00edho stavu. Slu\u017eba je zam\u011b\u0159ena na podporu rodiny a\u00a0podporu v\u00fdvoje d\u00edt\u011bte s\u00a0ohledem na jeho pot\u0159eby.\u201c.<\/span><\/p>\n<p style=\"text-align: justify;\"><span style=\"font-size: 14pt;\">Slu\u017eba obsahuje tyto<strong> z\u00e1kladn\u00ed \u010dinnosti<\/strong>:<br \/>\n<\/span><span style=\"font-size: 14pt;\">a) v\u00fdchovn\u00e9, vzd\u011bl\u00e1vac\u00ed a aktiviza\u010dn\u00ed \u010dinnosti,<br \/>\n<\/span><span style=\"font-size: 14pt;\">b) zprost\u0159edkov\u00e1n\u00ed kontaktu se spole\u010densk\u00fdm prost\u0159ed\u00edm,<br \/>\n<\/span><span style=\"font-size: 14pt;\">c) soci\u00e1ln\u011b terapeutick\u00e9 \u010dinnosti,<br \/>\n<\/span><span style=\"font-size: 14pt;\">d) pomoc p\u0159i uplat\u0148ov\u00e1n\u00ed pr\u00e1v, opr\u00e1vn\u011bn\u00fdch z\u00e1jm\u016f a p\u0159i obstar\u00e1v\u00e1n\u00ed osobn\u00edch z\u00e1le\u017eitost\u00ed.<\/span><\/p>\n<p><strong><span style=\"font-size: 14pt;\">C\u00edle RAN\u00c9 P\u00c9\u010cE:<br \/>\n<\/span><\/strong><span style=\"font-size: 14pt;\">\u21d2 p\u0159edch\u00e1zet posti\u017een\u00ed<br \/>\n<\/span><span style=\"font-size: 14pt;\">\u21d2 eliminovat nebo zm\u00edrnit jeho d\u016fsledky<br \/>\n<\/span><span style=\"font-size: 14pt;\">\u21d2 poskytnout rodin\u011b, d\u00edt\u011bti i spole\u010dnosti p\u0159edpoklady soci\u00e1ln\u00ed integrace.<\/span><\/p>\n<p style=\"text-align: justify;\"><span style=\"font-size: 14pt;\">Slu\u017eby ran\u00e9 p\u00e9\u010de maj\u00ed b\u00fdt poskytov\u00e1ny od zji\u0161t\u011bn\u00ed rizika nebo posti\u017een\u00ed do p\u0159ijet\u00ed d\u00edt\u011bte vzd\u011bl\u00e1vac\u00ed instituc\u00ed tak, aby zvy\u0161ovaly v\u00fdvojovou \u00farove\u0148 d\u00edt\u011bte v oblastech, kter\u00e9 jsou ohro\u017eeny faktory biologick\u00fdmi, soci\u00e1ln\u00edmi a psychologick\u00fdmi.<\/span><\/p>\n<p><strong><span style=\"font-size: 14pt;\">C\u00edlov\u00e9 skupiny, pro kter\u00e9 je ur\u010dena RAN\u00c1 P\u00c9\u010cE:<\/span><\/strong><br \/>\n<span style=\"font-size: 14pt;\">1) rodiny s d\u011btmi s ment\u00e1ln\u00edmi posti\u017een\u00edm<\/span><br \/>\n<span style=\"font-size: 14pt;\">2) rodiny s d\u011btmi s t\u011blesn\u00fdm posti\u017een\u00edm<\/span><br \/>\n<span style=\"font-size: 14pt;\">3) rodiny s d\u011btmi s kombinovan\u00fdm posti\u017een\u00edm (ment\u00e1ln\u00ed, t\u011blesn\u00e9 a smyslov\u00e9 posti\u017een\u00ed)<\/span><br \/>\n<span style=\"font-size: 14pt;\">4) rodiny s d\u011btmi s poruchami autistick\u00e9ho spektra<\/span><br \/>\n<span style=\"font-size: 14pt;\">5) rodiny s d\u011btmi s ohro\u017een\u00edm v\u00fdvoje ve v\u011bku 0 \u2013 7 let<\/span><br \/>\n<span style=\"font-size: 14pt;\">6) rodiny s d\u011btmi se zrakov\u00fdmi vadami<\/span><br \/>\n<span style=\"font-size: 14pt;\">7) rodiny s d\u011btmi se sluchov\u00fdm posti\u017een\u00edm<\/span><\/p>\n<p style=\"text-align: justify;\"><strong><span style=\"font-size: 14pt;\">PODM\u00cdNKY BEZPLATN\u00c9 RAN\u00c9 P\u00c9\u010cE<br \/>\n<\/span><\/strong><span style=\"font-size: 14pt;\">&#8211; mus\u00ed spadat do c\u00edlov\u00e9 skupiny Ran\u00e9 p\u00e9\u010de (viz v\u00fd\u0161e)<br \/>\n<\/span><span style=\"font-size: 14pt;\">&#8211; mus\u00ed spadat do \u00fazemn\u00ed p\u016fsobnosti, kde je slu\u017eba poskytov\u00e1na\u00a0<\/span><span style=\"font-size: 14pt;\">pod\u00e1n\u00ed \u017e\u00e1dosti a seps\u00e1n\u00ed smlouvy<br \/>\n&#8211; svobodn\u00e9 rozhodnut\u00ed rodi\u010d\u016f tuto slu\u017ebu u\u017e\u00edvat a aktivn\u011b se zapojovat do \u010dinnost\u00ed.<\/span><\/p>\n<p style=\"text-align: justify;\"><span style=\"font-size: 14pt;\"><strong>S<img loading=\"lazy\" decoding=\"async\" class=\"  wp-image-1795 alignleft\" src=\"http:\/\/www.zivotsesyndromem.cz\/wp-content\/uploads\/2016\/04\/SPRP-300x192.jpg\" alt=\"SPRP\" width=\"280\" height=\"179\" \/>pole\u010dnost pro ranou p\u00e9\u010di (SPRP) &#8211;\u00a0<a href=\"http:\/\/www.ranapece.cz\" target=\"_blank\" rel=\"noopener\">www.ranapece.cz<\/a><br \/>\n<\/strong>= nest\u00e1tn\u00ed organizace, kter\u00e1 poskytuje odborn\u00e9 slu\u017eby ran\u00e9 p\u00e9\u010de, podporu a pomoc rodin\u00e1m, ve kter\u00fdch se narodilo d\u00edt\u011b se zrakov\u00fdm nebo i s kombinovan\u00fdm posti\u017een\u00edm.<\/span><\/p>\n<p><span style=\"font-size: 14pt;\"><span style=\"text-decoration: underline;\">M\u00edsta p\u016fsoben\u00ed:<\/span>\u00a0<strong>BRNO, \u010cESK\u00c9 BUD\u011aJOVICE, PRAHA, OLOMOUC + ZL\u00cdN, OSTRAVA<\/strong><\/span><\/p>\n<p style=\"text-align: justify;\"><span style=\"font-size: 14pt;\"><span style=\"text-decoration: underline;\">Komplexn\u00ed poradenstv\u00ed<\/span><br \/>\n<\/span><span style=\"font-size: 14pt;\">(speci\u00e1ln\u011b pedagogick\u00e9, soci\u00e1ln\u00ed, psychologick\u00e1 podpora)<br \/>\n<\/span><span style=\"font-size: 14pt;\">&#8211; v\u00fdchovn\u00e9, vzd\u011bl\u00e1vac\u00ed a aktiviza\u010dn\u00ed \u010dinnosti: program stimulace zraku, zrakov\u00fd tr\u00e9nink, podpora v\u00fdvoje d\u00edt\u011bte s t\u011b\u017ek\u00fdm posti\u017een\u00edm..<br \/>\n<\/span><span style=\"font-size: 14pt;\">&#8211; informov\u00e1n\u00ed a vzd\u011bl\u00e1v\u00e1n\u00ed: informov\u00e1n\u00ed a vzd\u011bl\u00e1v\u00e1n\u00ed rodi\u010d\u016f\/pe\u010dovatel\u016f a zvy\u0161ov\u00e1n\u00ed jejich kompetenc\u00ed v p\u00e9\u010di o d\u00edt\u011b<\/span><\/p>\n<p style=\"text-align: justify;\"><span style=\"font-size: 14pt;\"><strong><br \/>\n<img loading=\"lazy\" decoding=\"async\" class=\"  wp-image-1796 alignleft\" src=\"http:\/\/www.zivotsesyndromem.cz\/wp-content\/uploads\/2016\/04\/APRP-195x300.png\" alt=\"APRP\" width=\"157\" height=\"241\" \/>Asociace pracovn\u00edk\u016f v ran\u00e9 p\u00e9\u010di, z.s. (APRP<\/strong>) &#8211; <strong><a href=\"http:\/\/www.aprp.cz\" target=\"_blank\" rel=\"noopener\">www.aprp.cz<\/a><\/strong><br \/>\n<\/span><span style=\"font-size: 14pt;\">=\u00a0celost\u00e1tn\u00ed profesn\u00ed organizace sdru\u017euj\u00edc\u00ed poskytovatele ran\u00e9 p\u00e9\u010de.<br \/>\n<\/span><span style=\"font-size: 14pt;\">\u010cleny APRP jsou organizace hl\u00e1s\u00edc\u00ed se k dohodnut\u00e9 kvalit\u011b poskytovan\u00e9 slu\u017eby a poskytuj\u00edc\u00ed ranou p\u00e9\u010di v souladu s popsanou dobrou prax\u00ed. Vznikla v\u00a0roce 2003 z\u00a0Pracovn\u00ed skupiny pro ranou p\u00e9\u010di.<\/span><\/p>\n<p style=\"text-align: justify;\"><span style=\"font-size: 14pt;\">K 1.10.2014 sdru\u017euje APRP celkem <span style=\"text-decoration: underline;\"><strong><a href=\"http:\/\/aprp.cz\/dokumenty\/pracoviste.pdf\" target=\"_blank\" rel=\"noopener\">20 \u010dlensk\u00fdch pracovi\u0161\u0165 s platnou garanc\u00ed kvality slu\u017eby\u00a0z \u010cech, Moravy a Slezska.<\/a><\/strong><\/span><\/span><\/p>\n<p>&nbsp;<\/p>\n<p><span style=\"text-decoration: underline;\"><span style=\"font-size: 14pt;\"><br \/>\nRAN\u00c1 P\u00c9\u010cE pro rodiny s d\u011btmi se zrakov\u00fdmi vadami v \u010cR<img loading=\"lazy\" decoding=\"async\" class=\"  wp-image-1797 alignright\" src=\"http:\/\/www.zivotsesyndromem.cz\/wp-content\/uploads\/2016\/04\/eda-300x107.png\" alt=\"eda\" width=\"239\" height=\"85\" \/><\/span><\/span><br \/>\n<strong><span style=\"font-size: 14pt;\">Ran\u00e1 p\u00e9\u010de EDA, o.p.s. (PRAHA) &#8211; <a href=\"http:\/\/www.eda.cz\" target=\"_blank\" rel=\"noopener\">www.eda.cz<br \/>\n<\/a><\/span><\/strong><span style=\"font-size: 14pt;\">\u00a0e-mail: <span style=\"color: #ff0000;\"><a href=\"mailto:info@eda.cz\" target=\"_blank\" rel=\"noopener\">info@eda.cz<\/a><\/span><\/span><\/p>\n<p><span style=\"font-size: 14pt;\">Ji\u017e v\u00edce ne\u017e 25 let poskytuj\u00ed profesion\u00e1ln\u00ed soci\u00e1ln\u00ed slu\u017eby pro rodiny s d\u011btmi se zrakov\u00fdmi nebo kombinovan\u00fdmi vadami do 7 let v\u011bku.<\/span><\/p>\n<p style=\"text-align: justify;\"><span style=\"font-size: 14pt;\"><span style=\"text-decoration: underline;\">RAN\u00c1 P\u00c9\u010cE pro rodiny s d\u011btmi se sluchov\u00fdm posti\u017een\u00edm v \u010cR<\/span><br \/>\n<\/span><span style=\"font-size: 14pt;\"><em>Federace rodi\u010d\u016f a p\u0159\u00e1tel sluchov\u011b posti\u017een\u00fdch, o.s.<\/em><br \/>\n<\/span><strong><span style=\"font-size: 14pt;\">St\u0159edisko ran\u00e9 p\u00e9\u010de Tamtam, o.p.s. (PRAHA) &#8211;\u00a0<a href=\"http:\/\/www.detskysluch.cz\/\" target=\"_blank\" rel=\"noopener\">www.detskysluch.cz<\/a><\/span><\/strong><\/p>\n<ul>\n<li style=\"text-align: left;\"><span style=\"font-size: 14pt;\">Ran\u00e1 p\u00e9\u010de \u010cECHY (PRAHA):<img loading=\"lazy\" decoding=\"async\" class=\"  wp-image-1798 alignright\" src=\"http:\/\/www.zivotsesyndromem.cz\/wp-content\/uploads\/2016\/04\/TAMTAM-300x164.png\" alt=\"TAMTAM\" width=\"247\" height=\"135\" \/><br \/>\n<span style=\"color: #ff0000;\"><a href=\"mailto:ranapececechy@detskysluch.cz\" target=\"_blank\" rel=\"noopener\">ranapececechy@detskysluch.cz<\/a><\/span><\/span><\/li>\n<li style=\"text-align: left;\"><span style=\"font-size: 14pt;\"><span style=\"font-size: 14pt;\">Ran\u00e1 p\u00e9\u010de MORAVA A SLEZSKO (OLOMOUC):<br \/>\n<span style=\"color: #ff0000;\"><a href=\"mailto:ranapecemorava@detskysluch.cz\" target=\"_blank\" rel=\"noopener\">ranapecemorava@detskysluch.cz<\/a><\/span><\/span><\/span><\/li>\n<\/ul>\n<p><strong><span style=\"font-size: 14pt;\">Ostatn\u00ed st\u0159ediska RAN\u00c9 P\u00c9\u010cE:<\/span><\/strong><\/p>\n<table style=\"height: 604px;\" border=\"0\" width=\"809\" cellspacing=\"0\">\n<colgroup width=\"31\"><\/colgroup>\n<colgroup width=\"128\"><\/colgroup>\n<colgroup width=\"325\"><\/colgroup>\n<colgroup width=\"255\"><\/colgroup>\n<tbody>\n<tr>\n<td align=\"left\" height=\"23\"><b><span style=\"color: #000000; font-size: medium;\">\u00a0<\/span><\/b><\/td>\n<td align=\"left\"><span style=\"color: #ff0000; font-size: medium;\">M\u011aSTO<\/span><\/td>\n<td align=\"left\"><span style=\"color: #ff0000; font-size: medium;\">N\u00c1ZEV<\/span><\/td>\n<td align=\"center\"><span style=\"color: #ff0000; font-size: medium;\">WEB<\/span><\/td>\n<\/tr>\n<tr>\n<td align=\"left\" height=\"23\"><b><span style=\"color: #000000; font-size: medium;\">1<\/span><\/b><\/td>\n<td align=\"left\"><span style=\"color: #000000; font-size: medium;\">BOHUM\u00cdN<\/span><\/td>\n<td align=\"left\"><span style=\"color: #000000; font-family: Calibri, Calibri; font-size: medium;\">Slezsk\u00e1 Diakonie, Poradna ran\u00e9 p\u00e9\u010de SALOME<\/span><\/td>\n<td align=\"center\"><span style=\"color: #000000; font-size: medium;\"><a href=\"http:\/\/www.ranapece.org\/\" target=\"_blank\" rel=\"noopener\">www.ranapece.org<\/a><\/span><\/td>\n<\/tr>\n<tr>\n<td align=\"left\" height=\"23\"><b><span style=\"color: #000000; font-size: medium;\">2<\/span><\/b><\/td>\n<td align=\"left\"><span style=\"color: #000000; font-size: medium;\">BRNO <\/span><\/td>\n<td align=\"left\"><span style=\"color: #000000; font-size: medium;\">Slezsk\u00e1 Diakonie, Poradna ran\u00e9 p\u00e9\u010de DOREA<\/span><\/td>\n<td align=\"center\"><span style=\"color: #000000; font-size: medium;\"><a href=\"http:\/\/dorea-eliada.cz\/dorea\/\" target=\"_blank\" rel=\"noopener\">www.dorea.cz<\/a><\/span><\/td>\n<\/tr>\n<tr>\n<td align=\"left\" height=\"23\"><b><span style=\"color: #000000; font-size: medium;\">3<\/span><\/b><\/td>\n<td align=\"left\"><span style=\"color: #000000; font-size: medium;\">HRADEC KR\u00c1LOV\u00c9<\/span><\/td>\n<td align=\"left\"><span style=\"color: #000000; font-size: medium;\">st\u0159edisko ran\u00e9 p\u00e9\u010de SLUN\u00cd\u010cKO<\/span><\/td>\n<td align=\"center\"><span style=\"color: #000000; font-size: medium;\"><a href=\"http:\/\/www.charitahk.cz\/\" target=\"_blank\" rel=\"noopener\">www.charitahk.cz<\/a><\/span><\/td>\n<\/tr>\n<tr>\n<td align=\"left\" height=\"23\"><b><span style=\"color: #000000; font-size: medium;\">4<\/span><\/b><\/td>\n<td align=\"left\"><span style=\"color: #000000; font-size: medium;\">KARVIN\u00c1<\/span><\/td>\n<td align=\"left\"><span style=\"color: #000000; font-size: medium;\">Slezsk\u00e1 Diakonie, Poradna ran\u00e9 p\u00e9\u010de EUNIKA<\/span><\/td>\n<td align=\"center\"><span style=\"color: #000000; font-size: medium;\"><a href=\"http:\/\/www.sdkabo.cz\/\" target=\"_blank\" rel=\"noopener\">www.sdkabo.cz<\/a><\/span><\/td>\n<\/tr>\n<tr>\n<td align=\"left\" height=\"23\"><b><span style=\"color: #000000; font-size: medium;\">5<\/span><\/b><\/td>\n<td align=\"left\"><span style=\"color: #000000; font-size: medium;\">KRNOV<\/span><\/td>\n<td align=\"left\"><span style=\"color: #000000; font-size: medium;\">Slezsk\u00e1 Diakonie, Poradna ran\u00e9 p\u00e9\u010de MATANA<\/span><\/td>\n<td align=\"center\"><span style=\"color: #000000; font-size: medium;\"><a href=\"http:\/\/www.ranapecematana.webnode.cz\/\" target=\"_blank\" rel=\"noopener\">www.ranapecematana.webnode.cz<\/a><\/span><\/td>\n<\/tr>\n<tr>\n<td align=\"left\" height=\"23\"><b><span style=\"color: #000000; font-size: medium;\">6<\/span><\/b><\/td>\n<td align=\"left\"><span style=\"color: #000000; font-size: medium;\">KUTN\u00c1 HORA<\/span><\/td>\n<td align=\"left\"><span style=\"color: #000000; font-size: medium;\">St\u0159edisko NA SION\u011a<\/span><\/td>\n<td align=\"center\"><a href=\"http:\/\/www.ranapece-kutnahora.webnode.cz\" target=\"_blank\" rel=\"noopener\"><span style=\"color: #000000; font-size: medium;\">www.ranapece-kutnahora.webnode.cz<\/span><\/a><\/td>\n<\/tr>\n<tr>\n<td align=\"left\" height=\"23\"><b><span style=\"color: #000000; font-size: medium;\">7<\/span><\/b><\/td>\n<td align=\"left\"><span style=\"color: #000000; font-size: medium;\">LIBEREC a PLZE\u0147<\/span><\/td>\n<td align=\"left\"><span style=\"color: #000000; font-size: medium;\">St\u0159edisko pro ranou p\u00e9\u010di St\u0159edisko pro ranou p\u00e9\u010di<\/span><\/td>\n<td align=\"center\"><span style=\"color: #000000; font-size: medium;\"><a href=\"http:\/\/www.ranapece.eu\/\" target=\"_blank\" rel=\"noopener\">www.ranapece.eu<\/a><\/span><\/td>\n<\/tr>\n<tr>\n<td align=\"left\" height=\"23\"><b><span style=\"color: #000000; font-size: medium;\">8<\/span><\/b><\/td>\n<td align=\"left\"><span style=\"color: #000000; font-size: medium;\">NOV\u00c9 M\u011aSTO NA MORAV\u011a<\/span><\/td>\n<td align=\"left\"><span style=\"color: #000000; font-size: medium;\">Ran\u00e1 p\u00e9\u010de PORTIMO, o.p.s.<\/span><\/td>\n<td align=\"center\"><span style=\"color: #000000; font-size: medium;\"><a href=\"http:\/\/www.portimo.cz\/\" target=\"_blank\" rel=\"noopener\">www.portimo.cz<\/a><\/span><\/td>\n<\/tr>\n<tr>\n<td align=\"left\" height=\"23\"><b><span style=\"color: #000000; font-size: medium;\">9<\/span><\/b><\/td>\n<td align=\"left\"><span style=\"color: #000000; font-size: medium;\">PARDUBICE<\/span><\/td>\n<td align=\"left\"><span style=\"color: #000000; font-size: medium;\">St\u0159edisko ran\u00e9 p\u00e9\u010de v Pardubic\u00edch, o.p.s.<\/span><\/td>\n<td align=\"center\"><span style=\"color: #000000; font-size: medium;\"><a href=\"http:\/\/www.ranapece-pce.cz\/\" target=\"_blank\" rel=\"noopener\">www.ranapece-pce.cz<\/a><\/span><\/td>\n<\/tr>\n<tr>\n<td align=\"left\" height=\"23\"><b><span style=\"color: #000000; font-size: medium;\">10<\/span><\/b><\/td>\n<td align=\"left\"><span style=\"color: #000000; font-size: medium;\">PRAHA<\/span><\/td>\n<td align=\"left\"><span style=\"color: #000000; font-size: medium;\">Ran\u00e1 p\u00e9\u010de Diakonie Stod\u016flky<\/span><\/td>\n<td align=\"center\"><span style=\"color: #000000; font-size: medium;\"><a href=\"http:\/\/www.rana-pece.cz\/\" target=\"_blank\" rel=\"noopener\">www.rana-pece.cz<\/a><\/span><\/td>\n<\/tr>\n<tr>\n<td align=\"left\" height=\"23\"><b><span style=\"color: #000000; font-size: medium;\">11<\/span><\/b><\/td>\n<td align=\"left\"><span style=\"color: #000000; font-size: medium;\">SOB\u011aSLAV<\/span><\/td>\n<td align=\"left\"><span style=\"color: #000000; font-size: medium;\">St\u0159edisko ran\u00e9 p\u00e9\u010de pro jiho\u010desk\u00fd region <\/span><\/td>\n<td align=\"center\"><span style=\"color: #000000; font-size: medium;\"><a href=\"http:\/\/www.imy-sdruzeni.cz\/\" target=\"_blank\" rel=\"noopener\">www.imy-sdruzeni.cz<\/a><\/span><\/td>\n<\/tr>\n<tr>\n<td align=\"left\" height=\"23\"><b><span style=\"color: #000000; font-size: medium;\">12<\/span><\/b><\/td>\n<td align=\"left\"><span style=\"color: #000000; font-size: medium;\">TLOSKOV<\/span><\/td>\n<td align=\"left\"><span style=\"color: #000000; font-size: medium;\">Ran\u00e1 p\u00e9\u010de TLOSKOV<\/span><\/td>\n<td align=\"center\"><span style=\"color: #000000; font-size: medium;\"><a href=\"http:\/\/www.tloskov.cz\/\" target=\"_blank\" rel=\"noopener\">www.tloskov.cz<\/a><\/span><\/td>\n<\/tr>\n<tr>\n<td align=\"left\" height=\"23\"><b><span style=\"color: #000000; font-size: medium;\">13<\/span><\/b><\/td>\n<td align=\"left\"><span style=\"color: #000000; font-size: medium;\">T\u0158EB\u00cd\u010c<\/span><\/td>\n<td align=\"left\"><span style=\"color: #000000; font-size: medium;\">St\u0159edisko ran\u00e9 p\u00e9\u010de T\u0159eb\u00ed\u010d<\/span><\/td>\n<td align=\"center\"><span style=\"color: #000000; font-size: medium;\"><a href=\"http:\/\/www.ranapecetrebic.cz\/\" target=\"_blank\" rel=\"noopener\">www.ranapecetrebic.cz<\/a><\/span><\/td>\n<\/tr>\n<tr>\n<td align=\"left\" height=\"23\"><b><span style=\"color: #000000; font-size: medium;\">14<\/span><\/b><\/td>\n<td align=\"left\"><span style=\"color: #000000; font-size: medium;\">VRCHLAB\u00cd<\/span><\/td>\n<td align=\"left\"><span style=\"color: #000000; font-size: medium;\">Diakonie \u010cCE \u2013 st\u0159edisko SV\u011aTLO ve Vrchlab\u00ed<\/span><\/td>\n<td align=\"center\"><span style=\"color: #000000; font-size: medium;\"><a href=\"http:\/\/www.vrchlabi.diakonie.cz\/\" target=\"_blank\" rel=\"noopener\">www.vrchlabi.diakonie.cz<\/a><\/span><\/td>\n<\/tr>\n<tr>\n<td align=\"left\" height=\"23\"><b><span style=\"color: #000000; font-size: medium;\">15<\/span><\/b><\/td>\n<td align=\"left\"><span style=\"color: #000000; font-size: medium;\">ZL\u00cdN<\/span><\/td>\n<td align=\"left\"><span style=\"color: #000000; font-size: medium;\">St\u0159edisko ran\u00e9 p\u00e9\u010de EDUCO<\/span><\/td>\n<td align=\"center\"><span style=\"color: #000000; font-size: medium;\"><a href=\"http:\/\/www.ranapecezlin.cz\/\" target=\"_blank\" rel=\"noopener\">www.ranapecezlin.cz<\/a><\/span><\/td>\n<\/tr>\n<\/tbody>\n<\/table>\n<p style=\"text-align: justify;\"><strong><span style=\"font-size: 14pt;\"><br \/>\nP\u0158\u00cdSP\u011aVEK NA P\u00c9\u010cI<br \/>\n<\/span><\/strong><span style=\"font-size: 14pt;\">P\u0159\u00edsp\u011bvek na p\u00e9\u010di je ur\u010den osob\u00e1m, kter\u00e9 z d\u016fvodu dlouhodob\u011b nep\u0159\u00edzniv\u00e9ho zdravotn\u00edho stavu pot\u0159ebuj\u00ed pomoc jin\u00e9 fyzick\u00e9 osoby p\u0159i zvl\u00e1d\u00e1n\u00ed z\u00e1kladn\u00edch \u017eivotn\u00edch pot\u0159eb v rozsahu stanoven\u00e9m stupn\u011bm z\u00e1vislosti podle z\u00e1kona o soci\u00e1ln\u00edch slu\u017eb\u00e1ch.<br \/>\nZ poskytnut\u00e9ho p\u0159\u00edsp\u011bvku pak tyto osoby hrad\u00ed pomoc, kterou jim m\u016f\u017ee dle jejich rozhodnut\u00ed poskytovat bu\u010f osoba bl\u00edzk\u00e1, asistent soci\u00e1ln\u00ed p\u00e9\u010de, registrovan\u00fd poskytovatel soci\u00e1ln\u00edch slu\u017eeb, d\u011btsk\u00fd domov nebo speci\u00e1ln\u00ed l\u016f\u017ekov\u00e9 zdravotnick\u00e9 za\u0159\u00edzen\u00ed hospicov\u00e9ho typu.<\/span><\/p>\n<p style=\"text-align: justify;\"><span style=\"font-size: 14pt;\"><span style=\"text-decoration: underline;\">\u017d\u00e1dost o p\u0159\u00edsp\u011bvek na p\u00e9\u010di<\/span> se pod\u00e1v\u00e1 na kontaktn\u00edm pracovi\u0161ti <strong>krajsk\u00e9 pobo\u010dky \u00da\u0159adu pr\u00e1ce.<\/strong> P\u0159\u00edslu\u0161nost se ur\u010duje dle m\u00edsta trval\u00e9ho pobytu \u017eadatele o p\u0159\u00edsp\u011bvek.<\/span><\/p>\n<p style=\"text-align: justify;\"><span style=\"font-size: 14pt;\">\u00da\u010dastn\u00edci \u0159\u00edzen\u00ed jsou povinni na vy\u017e\u00e1d\u00e1n\u00ed <strong>krajsk\u00e9 pobo\u010dky \u00da\u0159adu pr\u00e1ce<\/strong> prok\u00e1zat, \u017ee d\u00e1vka byla vyu\u017eita k zaji\u0161t\u011bn\u00ed pomoci, a to zp\u016fsobem, kter\u00fd osv\u011bd\u010d\u00ed vyu\u017eit\u00ed p\u0159\u00edsp\u011bvku, nebo dokladem o vyplacen\u00ed p\u0159\u00edsp\u011bvku fyzick\u00fdm nebo pr\u00e1vnick\u00fdm osob\u00e1m, kter\u00e9 poskytuj\u00ed pomoc p\u0159i zvl\u00e1d\u00e1n\u00ed z\u00e1kladn\u00edch \u017eivotn\u00edch pot\u0159eb.<\/span><\/p>\n<p style=\"text-align: justify;\"><span style=\"font-size: 14pt;\">V\u00edce informac\u00ed o mo\u017enostech z\u00edsk\u00e1n\u00ed a v\u00fd\u0161i p\u0159\u00edsp\u011bvku na p\u00e9\u010di naleznete na port\u00e1lu <span style=\"text-decoration: underline;\"><strong><a href=\"https:\/\/portal.mpsv.cz\/soc\/ssl\/prispevek\" target=\"_blank\" rel=\"noopener\">Ministerstva pr\u00e1ce a soci\u00e1ln\u00edch v\u011bc\u00ed (MPSV)<\/a><\/strong><\/span><\/span><\/p>\n<p style=\"text-align: justify;\"><span style=\"font-size: 10pt;\">Liter\u00e1rn\u00ed zdroj:<br \/>\n<\/span><span style=\"font-size: 10pt;\">(1) HRADILKOV\u00c1, T. Ran\u00e1 p\u00e9\u010de jako proces. In Ran\u00e1 p\u00e9\u010de pro rodiny s\u00a0d\u011btmi se zrakov\u00fdm a kombinovan\u00fdm posti\u017een\u00edm : Vybran\u00e9 p\u0159\u00edsp\u011bvky z\u00a0kurzu \u201ePoradce ran\u00e9 p\u00e9\u010de\u201c. Praha : St\u0159edisko ran\u00e9 p\u00e9\u010de Praha, 1998, s. 6-13. ISBN 80-238-3267-0.<\/span><\/p>\n","protected":false},"excerpt":{"rendered":"<p> &#8230; <a title=\"Mo\u017enosti ran\u00e9 p\u00e9\u010de u d\u011bt\u00ed s TCS a GS\" class=\"read-more\" href=\"https:\/\/www.zivotsesyndromem.cz\/?p=1793\" aria-label=\"\u010c\u00edst v\u00edce o Mo\u017enosti ran\u00e9 p\u00e9\u010de u d\u011bt\u00ed s TCS a GS\">Read More<\/a><\/p>\n","protected":false},"author":2,"featured_media":1795,"comment_status":"open","ping_status":"open","sticky":false,"template":"","format":"standard","meta":{"footnotes":""},"categories":[16],"tags":[36,44,56,57,63,67,68,74,75,76,77,92],"class_list":["post-1793","post","type-post","status-publish","format-standard","has-post-thumbnail","hentry","category-odkazy","tag-dite","tag-hluchota","tag-nedoslychavost","tag-novorozenec","tag-postizeni","tag-rana-pece","tag-rozstep","tag-sluchova-vada","tag-sluzba","tag-spolecnost","tag-stredisko","tag-zdravi","generate-columns","tablet-grid-50","mobile-grid-100","grid-parent","grid-50"],"_links":{"self":[{"href":"https:\/\/www.zivotsesyndromem.cz\/index.php?rest_route=\/wp\/v2\/posts\/1793","targetHints":{"allow":["GET"]}}],"collection":[{"href":"https:\/\/www.zivotsesyndromem.cz\/index.php?rest_route=\/wp\/v2\/posts"}],"about":[{"href":"https:\/\/www.zivotsesyndromem.cz\/index.php?rest_route=\/wp\/v2\/types\/post"}],"author":[{"embeddable":true,"href":"https:\/\/www.zivotsesyndromem.cz\/index.php?rest_route=\/wp\/v2\/users\/2"}],"replies":[{"embeddable":true,"href":"https:\/\/www.zivotsesyndromem.cz\/index.php?rest_route=%2Fwp%2Fv2%2Fcomments&post=1793"}],"version-history":[{"count":0,"href":"https:\/\/www.zivotsesyndromem.cz\/index.php?rest_route=\/wp\/v2\/posts\/1793\/revisions"}],"wp:featuredmedia":[{"embeddable":true,"href":"https:\/\/www.zivotsesyndromem.cz\/index.php?rest_route=\/"}],"wp:attachment":[{"href":"https:\/\/www.zivotsesyndromem.cz\/index.php?rest_route=%2Fwp%2Fv2%2Fmedia&parent=1793"}],"wp:term":[{"taxonomy":"category","embeddable":true,"href":"https:\/\/www.zivotsesyndromem.cz\/index.php?rest_route=%2Fwp%2Fv2%2Fcategories&post=1793"},{"taxonomy":"post_tag","embeddable":true,"href":"https:\/\/www.zivotsesyndromem.cz\/index.php?rest_route=%2Fwp%2Fv2%2Ftags&post=1793"}],"curies":[{"name":"wp","href":"https:\/\/api.w.org\/{rel}","templated":true}]}}