{"id":2257,"date":"2019-02-13T20:24:34","date_gmt":"2019-02-13T19:24:34","guid":{"rendered":"https:\/\/www.zivotsesyndromem.cz\/?p=2257"},"modified":"2019-02-13T20:24:34","modified_gmt":"2019-02-13T19:24:34","slug":"pozvanka-den-vzacnych-onemocneni-brno","status":"publish","type":"post","link":"https:\/\/www.zivotsesyndromem.cz\/?p=2257","title":{"rendered":"POZV\u00c1NKA: Den vz\u00e1cn\u00fdch onemocn\u011bn\u00ed &#8211; Brno"},"content":{"rendered":"<p><img decoding=\"async\" src=\"http:\/\/www.budupomahat.cz\/images\/events\/heading\/2019_02_28_BRNO_slavi_Den_vzacnych_onemocneni_2019.jpg\" alt=\"BRNO slav\u00c3\u00ad Den vz\u00c3\u00a1cn\u00c3\u00bdch onemocn\u00c4\u009bn\u00c3\u00ad 2019\" \/><\/p>\n<p><span style=\"font-size: 14pt;\">BRNO oslav\u00ed <strong>DEN VZ\u00c1CN\u00ddCH ONEMOCN\u011aN\u00cd<\/strong> 28.2.\u00a0 v Mendelov\u011b muzeu na Mendlov\u011b n\u00e1m\u011bst\u00ed 2.\u00a0<\/span><br \/>\n<span style=\"font-size: 14pt;\">Hlavn\u00edm t\u00e9matem bude <strong>Budov\u00e1n\u00ed most\u016f mezi zdravotn\u00ed a soci\u00e1ln\u00ed p\u00e9\u010d\u00ed pro pacienty se vz\u00e1cn\u00fdmi nemocemi.\u00a0<\/strong>Na akci se pod\u00edlej\u00ed <strong><a href=\"http:\/\/vzacna-onemocneni.cz\/\" target=\"_blank\" rel=\"noopener\">\u010cAVO<\/a>, <a href=\"https:\/\/www.debra-cz.org\/\" target=\"_blank\" rel=\"noopener\">DEBRA \u010cR<\/a>, <a href=\"https:\/\/centrumprovazeni.cz\/\" target=\"_blank\" rel=\"noopener\">CENTRUM PROV\u00c1ZEN\u00cd<\/a>\u00a0<\/strong><\/span><\/p>\n<div class=\"postdesc\"><span style=\"font-size: 14pt;\">VZ\u00c1CN\u00c9 onemocn\u011bn\u00ed je takov\u00e9 onemocn\u011bn\u00ed, kter\u00e9 postihuje <strong>m\u00e9n\u011b ne\u017e 5 osob<\/strong> z ka\u017ed\u00fdch 10 000.\u00a0<\/span><br \/>\n<span style=\"font-size: 14pt;\">V\u00edte, \u017ee na sv\u011bt\u011b existuje v\u00edce ne\u017e <strong>8 000 r\u016fzn\u00fdch VZ\u00c1CN\u00ddCH<\/strong> onemocn\u011bn\u00ed?\u00a0<\/span><br \/>\n<span style=\"font-size: 14pt;\">Aby byl hlas pacient\u016f se VZ\u00c1CN\u00ddMI nemocemi l\u00e9pe sly\u0161et, spojuj\u00ed se v r\u00e1mci st\u00e1t\u016f, ale i mezin\u00e1rodn\u00edch uskupen\u00ed. <strong>SAMI JSOU VZ\u00c1CN\u00cd \u2013 SPOLU SILN\u00cd.\u00a0<\/strong><\/span><\/p>\n<\/div>\n","protected":false},"excerpt":{"rendered":"<p> &#8230; <a title=\"POZV\u00c1NKA: Den vz\u00e1cn\u00fdch onemocn\u011bn\u00ed &#8211; Brno\" class=\"read-more\" href=\"https:\/\/www.zivotsesyndromem.cz\/?p=2257\" aria-label=\"\u010c\u00edst v\u00edce o POZV\u00c1NKA: Den vz\u00e1cn\u00fdch onemocn\u011bn\u00ed &#8211; Brno\">Read More<\/a><\/p>\n","protected":false},"author":2,"featured_media":0,"comment_status":"open","ping_status":"open","sticky":false,"template":"","format":"gallery","meta":{"footnotes":""},"categories":[15],"tags":[23,28,78,81,86],"class_list":["post-2257","post","type-post","status-publish","format-gallery","hentry","category-novinky","tag-be-tcs","tag-cavo","tag-syndrom","tag-treacher-collins","tag-vzacne-onemocneni","post_format-post-format-gallery","generate-columns","tablet-grid-50","mobile-grid-100","grid-parent","grid-50"],"_links":{"self":[{"href":"https:\/\/www.zivotsesyndromem.cz\/index.php?rest_route=\/wp\/v2\/posts\/2257","targetHints":{"allow":["GET"]}}],"collection":[{"href":"https:\/\/www.zivotsesyndromem.cz\/index.php?rest_route=\/wp\/v2\/posts"}],"about":[{"href":"https:\/\/www.zivotsesyndromem.cz\/index.php?rest_route=\/wp\/v2\/types\/post"}],"author":[{"embeddable":true,"href":"https:\/\/www.zivotsesyndromem.cz\/index.php?rest_route=\/wp\/v2\/users\/2"}],"replies":[{"embeddable":true,"href":"https:\/\/www.zivotsesyndromem.cz\/index.php?rest_route=%2Fwp%2Fv2%2Fcomments&post=2257"}],"version-history":[{"count":0,"href":"https:\/\/www.zivotsesyndromem.cz\/index.php?rest_route=\/wp\/v2\/posts\/2257\/revisions"}],"wp:attachment":[{"href":"https:\/\/www.zivotsesyndromem.cz\/index.php?rest_route=%2Fwp%2Fv2%2Fmedia&parent=2257"}],"wp:term":[{"taxonomy":"category","embeddable":true,"href":"https:\/\/www.zivotsesyndromem.cz\/index.php?rest_route=%2Fwp%2Fv2%2Fcategories&post=2257"},{"taxonomy":"post_tag","embeddable":true,"href":"https:\/\/www.zivotsesyndromem.cz\/index.php?rest_route=%2Fwp%2Fv2%2Ftags&post=2257"}],"curies":[{"name":"wp","href":"https:\/\/api.w.org\/{rel}","templated":true}]}}