{"id":2523,"date":"2020-11-09T18:29:32","date_gmt":"2020-11-09T17:29:32","guid":{"rendered":"https:\/\/www.zivotsesyndromem.cz\/?p=2523"},"modified":"2020-11-09T18:29:32","modified_gmt":"2020-11-09T17:29:32","slug":"skolacka-emma-breclavsky-denik","status":"publish","type":"post","link":"https:\/\/www.zivotsesyndromem.cz\/?p=2523","title":{"rendered":"\u0160kola\u010dka Emma &#8211; B\u0159eclavsk\u00fd den\u00edk"},"content":{"rendered":"<p><span style=\"font-size: 14pt;\">Emmu z Ji\u017en\u00ed Moravy jist\u011b p\u0159edstavovat nemus\u00edme, pat\u0159\u00ed do &#8222;na\u0161\u00ed rodiny&#8220; u\u017e od mala. S rodi\u010di pravideln\u011b jezd\u00ed na srazy<a href=\"https:\/\/www.betcs.cz\/\" target=\"_blank\" rel=\"noopener\"><strong> spolku BeTCS<\/strong> <\/a>a u\u017e zdaleka nen\u00ed nejmlad\u0161\u00ed \u010dlenkou.\u00a0<\/span><br \/>\n<span style=\"font-size: 14pt;\">Dnes je j\u00ed 7 let a nav\u0161t\u011bvuje 1. t\u0159\u00eddu. Jak se \u017eije rodi\u010d\u016fm s Emmou, se p\u00ed\u0161e v <strong>B\u0159eclavsk\u00e9m den\u00edku<\/strong> s pozitivn\u00edm titulkem:\u00a0<a href=\"https:\/\/breclavsky.denik.cz\/zpravy_region\/emma-nam-dodava-silu-shoduji-se-rodice-nemoc-ji-meni-oblicej-20201106.html\" target=\"_blank\" rel=\"noopener\"><strong>Emma n\u00e1m dod\u00e1v\u00e1 s\u00edlu<\/strong><\/a><\/span><\/p>\n<figure style=\"width: 1250px\" class=\"wp-caption aligncenter\"><a href=\"https:\/\/www.zivotsesyndromem.cz\/wp-content\/uploads\/2020\/11\/emma.jpg\"><img loading=\"lazy\" decoding=\"async\" class=\"alignnone size-full wp-image-2525\" src=\"https:\/\/www.zivotsesyndromem.cz\/wp-content\/uploads\/2020\/11\/emma.jpg\" alt=\"\" width=\"1260\" height=\"709\" \/><\/a><figcaption class=\"wp-caption-text\"><span style=\"font-size: 14pt;\">Emma s rodi\u010di (zdroj: B\u0159eclavsk\u00fd den\u00edk) <\/span><\/figcaption><\/figure>\n<p>&nbsp;<\/p>\n<p>&nbsp;<\/p>\n","protected":false},"excerpt":{"rendered":"<p> &#8230; <a title=\"\u0160kola\u010dka Emma &#8211; B\u0159eclavsk\u00fd den\u00edk\" class=\"read-more\" href=\"https:\/\/www.zivotsesyndromem.cz\/?p=2523\" aria-label=\"\u010c\u00edst v\u00edce o \u0160kola\u010dka Emma &#8211; B\u0159eclavsk\u00fd den\u00edk\">Read More<\/a><\/p>\n","protected":false},"author":2,"featured_media":0,"comment_status":"open","ping_status":"open","sticky":false,"template":"","format":"gallery","meta":{"footnotes":""},"categories":[15],"tags":[],"class_list":["post-2523","post","type-post","status-publish","format-gallery","hentry","category-novinky","post_format-post-format-gallery","generate-columns","tablet-grid-50","mobile-grid-100","grid-parent","grid-50"],"_links":{"self":[{"href":"https:\/\/www.zivotsesyndromem.cz\/index.php?rest_route=\/wp\/v2\/posts\/2523","targetHints":{"allow":["GET"]}}],"collection":[{"href":"https:\/\/www.zivotsesyndromem.cz\/index.php?rest_route=\/wp\/v2\/posts"}],"about":[{"href":"https:\/\/www.zivotsesyndromem.cz\/index.php?rest_route=\/wp\/v2\/types\/post"}],"author":[{"embeddable":true,"href":"https:\/\/www.zivotsesyndromem.cz\/index.php?rest_route=\/wp\/v2\/users\/2"}],"replies":[{"embeddable":true,"href":"https:\/\/www.zivotsesyndromem.cz\/index.php?rest_route=%2Fwp%2Fv2%2Fcomments&post=2523"}],"version-history":[{"count":0,"href":"https:\/\/www.zivotsesyndromem.cz\/index.php?rest_route=\/wp\/v2\/posts\/2523\/revisions"}],"wp:attachment":[{"href":"https:\/\/www.zivotsesyndromem.cz\/index.php?rest_route=%2Fwp%2Fv2%2Fmedia&parent=2523"}],"wp:term":[{"taxonomy":"category","embeddable":true,"href":"https:\/\/www.zivotsesyndromem.cz\/index.php?rest_route=%2Fwp%2Fv2%2Fcategories&post=2523"},{"taxonomy":"post_tag","embeddable":true,"href":"https:\/\/www.zivotsesyndromem.cz\/index.php?rest_route=%2Fwp%2Fv2%2Ftags&post=2523"}],"curies":[{"name":"wp","href":"https:\/\/api.w.org\/{rel}","templated":true}]}}