{"id":2609,"date":"2021-05-28T20:31:23","date_gmt":"2021-05-28T18:31:23","guid":{"rendered":"https:\/\/www.zivotsesyndromem.cz\/?p=2609"},"modified":"2023-08-30T18:51:51","modified_gmt":"2023-08-30T16:51:51","slug":"needo-podcast-neobycejna-holka","status":"publish","type":"post","link":"https:\/\/www.zivotsesyndromem.cz\/?p=2609","title":{"rendered":"NEEDo TALKs &#8211; podcast: (Ne)oby\u010dejn\u00e1 holka"},"content":{"rendered":"<p style=\"text-align: left;\"><span style=\"font-size: 14pt;\"><strong>NEEDo TALKs<\/strong>\u00a0jsou podcastov\u00e9 rozhovory o v\u00e1\u017en\u00fdch t\u00e9matech, pod\u00e1van\u00fdch s lehkost\u00ed, bez zbyte\u010dn\u00e9 l\u00edtosti a na rovinu. Sd\u00edl\u00edme neoby\u010dejn\u00e9 p\u0159\u00edb\u011bhy oby\u010dejn\u00fdch lid\u00ed. Proto\u017ee je d\u016fle\u017eit\u00e9 mluvit, inspirovat a v\u011bd\u011bt, \u017ee \u201ev tom\u201c nejsme sami. Otv\u00edr\u00e1me t\u00e9mata, kter\u00fdm se v\u011bt\u0161inov\u00e1 spole\u010dnost \u010dasto vyh\u00fdb\u00e1. Jak vypad\u00e1 \u017eivot s\u00a0handicapem?<br \/>\n<\/span><\/p>\n<p style=\"text-align: left;\"><span style=\"font-size: 14pt;\"><span style=\"text-decoration: underline;\"><strong>(Ne) oby\u010dejn\u00e1 holka &#8211; Eli\u0161ka Sta\u0148kov\u00e1<\/strong><\/span><br \/>\nBe\u00e1tka pat\u0159\u00ed mezi 200 lid\u00ed v \u010cesk\u00e9 a Slovensk\u00e9 republice<strong>,<\/strong>\u00a0kter\u00fdm byl diagnostikov\u00e1n vz\u00e1cn\u00fd Treacher Collins syndrom (TCS). Jej\u00ed m\u00e1ma\u00a0<strong>Eli\u0161ka Sta\u0148kov\u00e1<\/strong>\u00a0mluv\u00ed v rozhovoru o zdravotn\u00edch komplikac\u00edch a p\u0159idru\u017een\u00fdch probl\u00e9mech, ale tak\u00e9 o budov\u00e1n\u00ed zdrav\u00e9 sebed\u016fv\u011bry, reakc\u00edch okol\u00ed a pl\u00e1nech do \u017eivota.<\/span><\/p>\n<p style=\"text-align: left;\"><span style=\"font-size: 14pt;\">Eli\u0161ce se d\u00edky neziskov\u00e9mu spolku Be TCS poda\u0159ilo hodn\u011b. I my jsme se o n\u00ed dozv\u011bd\u011bli z m\u00e9di\u00ed, a tak i u n\u00e1s zafungovala osv\u011bta o tomto vz\u00e1cn\u00e9m syndromu. Jej\u00ed Beatku jsme si spojili s filmem\u00a0<strong><a href=\"https:\/\/www.csfd.cz\/film\/466388-ne-obycejny-kluk\/videa\/\" target=\"_blank\" rel=\"noopener noreferrer\">(Ne)oby\u010dejn\u00fd kluk<\/a>.<\/strong>\u00a0Je to\u00a0p\u0159\u00edb\u011bh desetilet\u00e9ho kluka s TC syndromem a\u00a0poukazuje na inkluzi, za\u0159azen\u00ed d\u00edt\u011bte do kolektivu, ukazuje jeho pocity a tak\u00e9 vn\u00edm\u00e1n\u00ed okol\u00ed. Rodina chlapce mu vytv\u00e1\u0159\u00ed bezpe\u010dn\u00e9 prost\u0159ed\u00ed a ochranu, kter\u00e1 ale nep\u0159esahuje a\u017e do \u0161koly.\u00a0Film by m\u011bli vid\u011bt tak\u00e9 rodi\u010de zdrav\u00fdch d\u011bt\u00ed, aby byli schopni sv\u00fdm potomk\u016fm vysv\u011btlit rozd\u00edlnost a dopady jejich jedn\u00e1n\u00ed. Nejde o soucit, ale ohleduplnost a p\u0159ijet\u00ed jinakosti.<\/span><\/p>\n<p style=\"text-align: left;\"><span style=\"font-size: 14pt;\">Cel\u00fd podcast si m\u016f\u017eete poslechnout\u00a0 zde:<a href=\"https:\/\/open.spotify.com\/episode\/0SacJXCs3wqvxwpLtfWx2v?si=BBdPfW9zTRKxuLteajKblw&amp;nd=1\" target=\"_blank\" rel=\"noopener\"> (Ne)oby\u010dejn\u00e1 holka (Eli\u0161ka Sta\u0148kov\u00e1)\u00a0<\/a><\/span><\/p>\n<p><span style=\"font-size: 14pt;\"><a href=\"https:\/\/www.zivotsesyndromem.cz\/wp-content\/uploads\/2021\/05\/needo.jpg\"><img loading=\"lazy\" decoding=\"async\" class=\"aligncenter wp-image-2613 size-full\" src=\"https:\/\/www.zivotsesyndromem.cz\/wp-content\/uploads\/2021\/05\/needo-e1644868030290.jpg\" alt=\"\" width=\"280\" height=\"119\" \/><\/a><\/span><\/p>\n<p>Zdroj:\u00a0<a href=\"https:\/\/www.needo.cz\/needo-talks\/neobycejna-holka\/?fbclid=IwAR2z5JN7amZPV8L4od-TwnFTKQfuRrV9cQqt52Uogif3x_HDeAP4S7X9q28\" target=\"_blank\" rel=\"noopener\">www.needo.cz<\/a><\/p>\n","protected":false},"excerpt":{"rendered":"<p><strong>NEEDo TALKs <\/strong>\u00a0jsou podcastov\u00e9 rozhovory o v\u00e1\u017en\u00fdch t\u00e9matech, pod\u00e1van\u00fdch s lehkost\u00ed, bez zbyte\u010dn\u00e9 l\u00edtosti a na rovinu. Sd\u00edl\u00edme neoby\u010dejn\u00e9 p\u0159\u00edb\u011bhy oby\u010dejn\u00fdch lid\u00ed. Proto\u017ee je d\u016fle\u017eit\u00e9 mluvit, inspirovat a v\u011bd\u011bt, \u017ee \u201ev tom\u201c nejsme sami. Otv\u00edr\u00e1me t\u00e9mata, kter\u00fdm se v\u011bt\u0161inov\u00e1 spole\u010dnost \u010dasto vyh\u00fdb\u00e1. Jak vypad\u00e1 \u017eivot s\u00a0handicapem?<\/p>\n","protected":false},"author":2,"featured_media":2613,"comment_status":"open","ping_status":"open","sticky":false,"template":"","format":"standard","meta":{"footnotes":""},"categories":[15],"tags":[],"class_list":["post-2609","post","type-post","status-publish","format-standard","has-post-thumbnail","hentry","category-novinky","generate-columns","tablet-grid-50","mobile-grid-100","grid-parent","grid-50"],"_links":{"self":[{"href":"https:\/\/www.zivotsesyndromem.cz\/index.php?rest_route=\/wp\/v2\/posts\/2609","targetHints":{"allow":["GET"]}}],"collection":[{"href":"https:\/\/www.zivotsesyndromem.cz\/index.php?rest_route=\/wp\/v2\/posts"}],"about":[{"href":"https:\/\/www.zivotsesyndromem.cz\/index.php?rest_route=\/wp\/v2\/types\/post"}],"author":[{"embeddable":true,"href":"https:\/\/www.zivotsesyndromem.cz\/index.php?rest_route=\/wp\/v2\/users\/2"}],"replies":[{"embeddable":true,"href":"https:\/\/www.zivotsesyndromem.cz\/index.php?rest_route=%2Fwp%2Fv2%2Fcomments&post=2609"}],"version-history":[{"count":2,"href":"https:\/\/www.zivotsesyndromem.cz\/index.php?rest_route=\/wp\/v2\/posts\/2609\/revisions"}],"predecessor-version":[{"id":3486,"href":"https:\/\/www.zivotsesyndromem.cz\/index.php?rest_route=\/wp\/v2\/posts\/2609\/revisions\/3486"}],"wp:featuredmedia":[{"embeddable":true,"href":"https:\/\/www.zivotsesyndromem.cz\/index.php?rest_route=\/"}],"wp:attachment":[{"href":"https:\/\/www.zivotsesyndromem.cz\/index.php?rest_route=%2Fwp%2Fv2%2Fmedia&parent=2609"}],"wp:term":[{"taxonomy":"category","embeddable":true,"href":"https:\/\/www.zivotsesyndromem.cz\/index.php?rest_route=%2Fwp%2Fv2%2Fcategories&post=2609"},{"taxonomy":"post_tag","embeddable":true,"href":"https:\/\/www.zivotsesyndromem.cz\/index.php?rest_route=%2Fwp%2Fv2%2Ftags&post=2609"}],"curies":[{"name":"wp","href":"https:\/\/api.w.org\/{rel}","templated":true}]}}