{"id":288,"date":"2015-03-29T17:08:10","date_gmt":"2015-03-29T15:08:10","guid":{"rendered":"http:\/\/www.zivotsesyndromem.cz\/?p=288"},"modified":"2015-03-29T17:08:10","modified_gmt":"2015-03-29T15:08:10","slug":"karolinka-tcs-cs","status":"publish","type":"post","link":"https:\/\/www.zivotsesyndromem.cz\/?p=288","title":{"rendered":"Karol\u00ednka &#8211; TCS (CZ)"},"content":{"rendered":"<p class=\"western\" align=\"justify\"><span style=\"font-size: medium;\">Jmenuji se <\/span><strong><span style=\"font-size: medium;\">Simona<\/span><\/strong><span style=\"font-size: medium;\">, s\u00a0man\u017eelem bydl\u00edme v\u00a0panelov\u00e9m dom\u011b v\u00a0B\u00edlin\u011b u Teplic a v roce<\/span><span style=\"font-size: medium;\"><b>\u00a0<\/b><strong>2006<\/strong><\/span><span style=\"font-size: medium;\"> se n\u00e1m narodila dcerka <\/span><strong><span style=\"font-size: medium;\">Karol\u00ednka<\/span><\/strong><span style=\"font-size: medium;\">. Bohu\u017eel tak\u00e9 s\u00a0<strong>TCS. <\/strong><\/span><\/p>\n<p class=\"western\" align=\"justify\">\u00a0<span style=\"font-size: medium;\">T\u011bhotenstv\u00ed prob\u00edhalo \u00fapln\u011b norm\u00e1ln\u011b a v\u0161echna vy\u0161et\u0159en\u00ed byla v\u00a0po\u0159\u00e1dku, tak\u017ee nebyly \u017e\u00e1dn\u00e9 obavy. V\u00a0na\u0161ich rodin\u00e1ch se \u017e\u00e1dn\u00e9 vrozen\u00e9 vady, ani deformace nevyskytuj\u00ed. Tak\u017ee, tak\u00e9 z\u00a0ni\u010deho nic&#8230;<\/span><\/p>\n<p class=\"western\" align=\"justify\">\u00a0<span style=\"font-size: medium;\">O tomto syndromu jsme se dozv\u011bd\u011bli a\u017e po narozen\u00ed na\u0161\u00ed dcerky. Prvotn\u00ed \u0161ok rychle pominul, kdy\u017e se na n\u00e1s Karol\u00ednka v\u00a0porodnici poprv\u00e9 usm\u00e1la. \u0158ekli jsme si, \u017ee to mus\u00edme zvl\u00e1dnout, je to n\u00e1\u0161 and\u00edlek a ud\u011bl\u00e1me pro n\u00ed maximum.<\/span><\/p>\n<p class=\"western\" align=\"justify\">\u00a0<span style=\"font-size: medium;\">D\u00edky panu Dr. My\u0161kovi z\u00a0Prahy Motol m\u00e1 Karol\u00ednka od kv\u011btna 2008 BAHA sluchadlo.<\/span><\/p>\n<p class=\"western\" align=\"justify\">\u00a0<span style=\"font-size: medium;\">Na\u0161e obavy, \u017ee bude m\u00edt Karol\u00ednka probl\u00e9my s\u00a0mluvou, se \u00fapln\u011b rozplynula 6.8 2007. To mi poprv\u00e9 \u0159ekla mama. Ani nem\u016f\u017eu popsat, co jsem v\u00a0ten moment c\u00edtila. \u00dapln\u011b jsem se \u0161t\u011bst\u00edm sesypala a doobl\u00e9ci j\u00ed musel man\u017eel. Byly jsme neskute\u010dn\u011b \u0161\u0165astn\u00ed. Te\u010f um\u00ed spoustu b\u00e1sni\u010dek, je to na\u0161e \u0161ikula. Je hrozn\u011b vn\u00edman\u00e1 a \u0161ikovn\u00e1. Chod\u00edme na logopedii k\u00a0Dr. Prok\u0161ov\u00e9 do \u00dast\u00ed a jsme poka\u017ed\u00e9 chv\u00e1leni, co\u017e n\u00e1m d\u011bl\u00e1 velkou radost. Od z\u00e1\u0159\u00ed by m\u011bla nastoupit do jesli\u010dek, tak snad to budeme zvl\u00e1dat.<\/span><\/p>\n<p class=\"western\" align=\"justify\">\u00a0<span style=\"font-size: medium;\">Zat\u00edm Karol\u00ednka nepodstoupila \u017e\u00e1dn\u00e9 operace a ani n\u00e1m nikdo ne\u0159ekl, jestli je to v\u00a0jej\u00edm p\u0159\u00edpad\u011b nutn\u00e9. Ale samoz\u0159ejm\u011b kdy\u017e si\u00a0bude cht\u00edt\u00a0nechat upravit ou\u0161ka, tak j\u00ed v\u00a0tom nebudeme br\u00e1nit.<\/span><\/p>\n<p class=\"western\" align=\"justify\">\u00a0<span style=\"font-size: medium;\">Ur\u010dit\u011b j\u00ed budeme cht\u00edt po\u0159\u00eddit sourozence (samoz\u0159ejm\u011b po porad\u011b s\u00a0l\u00e9ka\u0159i), tak n\u00e1m dr\u017ete pale\u010dky. <\/span><\/p>\n<p class=\"western\" align=\"justify\">\u00a0<span style=\"font-size: medium;\">Karol\u00ednka je mil\u00e1\u010dek cel\u00e9 na\u0161\u00ed velk\u00e9 rodiny, v\u0161echny si podmanila sv\u00fdm kouzlem a okol\u00ed j\u00ed bere jako norm\u00e1ln\u00ed zdravou hol\u010di\u010dku. S negativn\u00edm p\u0159\u00edstupem jsme se je\u0161t\u011b nesetkali. <\/span><\/p>\n<p class=\"western\" align=\"justify\">\u00a0<span style=\"font-size: medium;\">Pravideln\u011b se nav\u0161t\u011bvujeme s\u00a0m\u00fdmi kamar\u00e1dkami, kter\u00e9 maj\u00ed tak\u00e9 d\u011bti ve stejn\u00e9 v\u011bkov\u00e9 hranici, jako je Karol\u00ednka.<\/span><\/p>\n<p class=\"western\" align=\"justify\"><span style=\"font-size: medium;\">Ke Karol\u00ednce n\u00e1m p\u0159ibyl dal\u0161\u00ed \u010dlen rodiny, a to <strong>Danielka<\/strong> (2010). je zdrav\u00e1 a m\u00e1 se \u010dile k sv\u011btu&#8230;<\/span><\/p>\n<p class=\"western\" align=\"justify\"><span style=\"font-size: medium;\">S\u00a0pozdravem <\/span><span style=\"font-size: medium;\"><i>Sim\u010da, Ota, Karol\u00ednka a Danielka\u00a0<\/i><\/span><\/p>\n","protected":false},"excerpt":{"rendered":"<p> &#8230; <a title=\"Karol\u00ednka &#8211; TCS (CZ)\" class=\"read-more\" href=\"https:\/\/www.zivotsesyndromem.cz\/?p=288\" aria-label=\"\u010c\u00edst v\u00edce o Karol\u00ednka &#8211; TCS (CZ)\">Read More<\/a><\/p>\n","protected":false},"author":3,"featured_media":0,"comment_status":"open","ping_status":"open","sticky":false,"template":"","format":"gallery","meta":{"footnotes":""},"categories":[18,20],"tags":[],"class_list":["post-288","post","type-post","status-publish","format-gallery","hentry","category-pribehy","category-treacher-collins-syndrom","post_format-post-format-gallery","generate-columns","tablet-grid-50","mobile-grid-100","grid-parent","grid-50"],"_links":{"self":[{"href":"https:\/\/www.zivotsesyndromem.cz\/index.php?rest_route=\/wp\/v2\/posts\/288","targetHints":{"allow":["GET"]}}],"collection":[{"href":"https:\/\/www.zivotsesyndromem.cz\/index.php?rest_route=\/wp\/v2\/posts"}],"about":[{"href":"https:\/\/www.zivotsesyndromem.cz\/index.php?rest_route=\/wp\/v2\/types\/post"}],"author":[{"embeddable":true,"href":"https:\/\/www.zivotsesyndromem.cz\/index.php?rest_route=\/wp\/v2\/users\/3"}],"replies":[{"embeddable":true,"href":"https:\/\/www.zivotsesyndromem.cz\/index.php?rest_route=%2Fwp%2Fv2%2Fcomments&post=288"}],"version-history":[{"count":0,"href":"https:\/\/www.zivotsesyndromem.cz\/index.php?rest_route=\/wp\/v2\/posts\/288\/revisions"}],"wp:attachment":[{"href":"https:\/\/www.zivotsesyndromem.cz\/index.php?rest_route=%2Fwp%2Fv2%2Fmedia&parent=288"}],"wp:term":[{"taxonomy":"category","embeddable":true,"href":"https:\/\/www.zivotsesyndromem.cz\/index.php?rest_route=%2Fwp%2Fv2%2Fcategories&post=288"},{"taxonomy":"post_tag","embeddable":true,"href":"https:\/\/www.zivotsesyndromem.cz\/index.php?rest_route=%2Fwp%2Fv2%2Ftags&post=288"}],"curies":[{"name":"wp","href":"https:\/\/api.w.org\/{rel}","templated":true}]}}