{"id":300,"date":"2015-03-29T17:19:51","date_gmt":"2015-03-29T15:19:51","guid":{"rendered":"http:\/\/www.zivotsesyndromem.cz\/?p=300"},"modified":"2015-03-29T17:19:51","modified_gmt":"2015-03-29T15:19:51","slug":"petra-gs-sk","status":"publish","type":"post","link":"https:\/\/www.zivotsesyndromem.cz\/?p=300","title":{"rendered":"Petra GS (SK)"},"content":{"rendered":"<p class=\"western\" align=\"justify\"><span style=\"font-size: medium;\"><br \/>\nVol\u00e1m sa<\/span><span style=\"font-size: medium;\"><b> Petra<\/b><\/span><span style=\"font-size: medium;\">\u00a0<\/span><span style=\"font-size: medium;\"><b>P.<\/b><\/span><span style=\"font-size: medium;\"> a u\u017e 23 rokov \u017eijem s <\/span><span style=\"font-size: medium;\"><b>Goldeharov\u00fdm syndr\u00f3mom<\/b><\/span><span style=\"font-size: medium;\">. V detstve som si toho kv\u00f4li mojej chorobe dos\u0165 u\u017eila, ale v\u0161etko to viem len z rozpr\u00e1vania mojej maminy. Podst\u00fapila som oper\u00e1ciu, pri ktorej mi odtstr\u00e1nili vyst\u00e1vaj\u00facu kos\u0165 z krku, a \u010fal\u0161iu, pri ktorej mi z oka vyoperovali dermoid. Ten sa mi s\u00edce vytvoril odznova, ale nem\u00e1m s n\u00edm \u017eiadne probl\u00e9my. Mala som aj dos\u0165 ve\u013ek\u00e9 probl\u00e9my s prij\u00edman\u00edm potravy a d\u00fdchan\u00edm.\u00a0V\u0161etky tieto oper\u00e1cie sa odohrali v Bratislave v nemocnici na Kram\u00e1roch. Tam som str\u00e1vila vlastne cel\u00fd prv\u00fd rok svojho \u017eivota.<\/span><\/p>\n<p class=\"western\" align=\"justify\">\u00a0\u00a0\u00a0\u00a0 <span style=\"font-size: medium;\">Ke\u010f som bola o nie\u010do v\u00e4\u010d\u0161ia (\u010di\u017ee si to u\u017e pam\u00e4t\u00e1m) sme za\u010dali rie\u0161i\u0165 to, \u017ee mi pri rozpr\u00e1van\u00ed a v\u0161etkom ostatnom &#8222;ubiehali&#8220; \u00fasta do pravej strany. Ve\u013ea sme toho neporie\u0161ili, lebo pani doktorka to videla dos\u0165 pesimisticky a vyjadrila sa tak, \u017ee sa s t\u00fdm aj tak ni\u010d robi\u0165 ned\u00e1&#8230; Tak sme k nej chodi\u0165 prestali a ja som tajne cvi\u010dila ve\u010der v posteli&#8230;.Po p\u00e1r t\u00fd\u017ed\u0148och si len mamina uvedomila \u017ee u\u017e sa usmievam pekne rovno:)<\/span><\/p>\n<p class=\"western\" align=\"justify\">\u00a0\u00a0\u00a0\u00a0 <span style=\"font-size: medium;\">Prem\u00fd\u0161\u013eali sme aj nad oper\u00e1ciou u\u0161ka. Prav\u00e9 ucho m\u00e1m nedostato\u010dne vyvinut\u00e9 a v\u00f4bec na\u0148 nepo\u010dujem, hoci vy\u0161etrenia uk\u00e1zali, \u017ee zvukovod m\u00e1m. Zva\u017eovali sme oper\u00e1ciu zvukovodu aj \u010disto estetick\u00fa oper\u00e1ciu ale nakoniec som sa rozhodla po\u010dka\u0165.Mo\u017eno za p\u00e1r rokov veda op\u00e4\u0165 niekam pokro\u010d\u00ed a bude mo\u017en\u00e9 nie\u010do, \u010do dnes e\u0161te mo\u017en\u00e9 nie je. To, \u017ee po\u010dujem len na jednu stranu mi nejak\u00fd ve\u013ek\u00fd probl\u00e9m nerob\u00ed. Zvykla som si.<\/span><\/p>\n<p class=\"western\" align=\"justify\">\u00a0\u00a0\u00a0\u00a0 <span style=\"font-size: medium;\">Ke\u010f som si \u010d\u00edtala pr\u00edbehy in\u00fdch \u013eud\u00ed a pozerala si fotky, ve\u013emi jasne som si uvedomila, ak\u00e9 som mala \u0161\u0165astie. Drviv\u00e1 v\u00e4\u010d\u0161ina \u013eud\u00ed z m\u00f4jho okolia ani netu\u0161\u00ed, \u017ee m\u00e1m nejak\u00fd syndr\u00f3m. \u017dijem si klasick\u00fdm pubert\u00e1lnym \u017eivotom a som za to ve\u013emi v\u010fa\u010dn\u00e1. Som so svojim postihnut\u00edm vyrovnan\u00e1, no neviem ak\u00e1 by som bola hrdinka, keby som na tom bola hor\u0161ie&#8230;Obdivujem v\u0161etk\u00fdch za to, ako to zvl\u00e1daj\u00fa a aj moju maminu za to, ako ve\u013emi mi zo za\u010diatku pomohla. Bez nej by som na tom ur\u010dite nebola tak, ako som.<\/span><\/p>\n","protected":false},"excerpt":{"rendered":"<p> &#8230; <a title=\"Petra GS (SK)\" class=\"read-more\" href=\"https:\/\/www.zivotsesyndromem.cz\/?p=300\" aria-label=\"\u010c\u00edst v\u00edce o Petra GS (SK)\">Read More<\/a><\/p>\n","protected":false},"author":3,"featured_media":0,"comment_status":"open","ping_status":"open","sticky":false,"template":"","format":"gallery","meta":{"footnotes":""},"categories":[21,18],"tags":[],"class_list":["post-300","post","type-post","status-publish","format-gallery","hentry","category-goldeharuv-syndrom","category-pribehy","post_format-post-format-gallery","generate-columns","tablet-grid-50","mobile-grid-100","grid-parent","grid-50"],"_links":{"self":[{"href":"https:\/\/www.zivotsesyndromem.cz\/index.php?rest_route=\/wp\/v2\/posts\/300","targetHints":{"allow":["GET"]}}],"collection":[{"href":"https:\/\/www.zivotsesyndromem.cz\/index.php?rest_route=\/wp\/v2\/posts"}],"about":[{"href":"https:\/\/www.zivotsesyndromem.cz\/index.php?rest_route=\/wp\/v2\/types\/post"}],"author":[{"embeddable":true,"href":"https:\/\/www.zivotsesyndromem.cz\/index.php?rest_route=\/wp\/v2\/users\/3"}],"replies":[{"embeddable":true,"href":"https:\/\/www.zivotsesyndromem.cz\/index.php?rest_route=%2Fwp%2Fv2%2Fcomments&post=300"}],"version-history":[{"count":0,"href":"https:\/\/www.zivotsesyndromem.cz\/index.php?rest_route=\/wp\/v2\/posts\/300\/revisions"}],"wp:attachment":[{"href":"https:\/\/www.zivotsesyndromem.cz\/index.php?rest_route=%2Fwp%2Fv2%2Fmedia&parent=300"}],"wp:term":[{"taxonomy":"category","embeddable":true,"href":"https:\/\/www.zivotsesyndromem.cz\/index.php?rest_route=%2Fwp%2Fv2%2Fcategories&post=300"},{"taxonomy":"post_tag","embeddable":true,"href":"https:\/\/www.zivotsesyndromem.cz\/index.php?rest_route=%2Fwp%2Fv2%2Ftags&post=300"}],"curies":[{"name":"wp","href":"https:\/\/api.w.org\/{rel}","templated":true}]}}