{"id":339,"date":"2015-04-16T19:10:58","date_gmt":"2015-04-16T17:10:58","guid":{"rendered":"http:\/\/www.zivotsesyndromem.cz\/?p=339"},"modified":"2015-04-16T19:10:58","modified_gmt":"2015-04-16T17:10:58","slug":"tracher-collins-syndrom-a-parkinsonova-choroba","status":"publish","type":"post","link":"https:\/\/www.zivotsesyndromem.cz\/?p=339","title":{"rendered":"Treacher Collins syndrom a Parkinsonova choroba"},"content":{"rendered":"<p style=\"text-align: justify;\"><span style=\"font-size: 14pt;\"><strong><span style=\"color: #000000;\">Maj\u00ed tyhle odli\u0161n\u00e9 diagn\u00f3zy n\u011bco spole\u010dn\u00e9ho? <\/span><\/strong><\/span><\/p>\n<p style=\"text-align: justify;\"><span style=\"color: #000000; font-size: 14pt;\">Ned\u00e1vno jsem narazila na p\u0159\u00edsp\u011bvek <strong><a style=\"color: #000000;\" href=\"https:\/\/www.facebook.com\/groups\/2419901287\/?fref=ts\" target=\"_blank\" rel=\"noopener\">v\u00a0mezin\u00e1rodn\u00ed facebookov\u00e9 skupin\u011b Treacher Collins Syndrome<\/a><\/strong>, kter\u00fd se ptal, zda lid\u00e9 s\u00a0TCS maj\u00ed v\u00a0rodin\u011b Parkinsona, proto\u017ee ob\u011b tyto diagn\u00f3zy pr\u00fd vych\u00e1z\u00ed z 5. chromozomu. Zaj\u00edmav\u00e9 byly koment\u00e1\u0159e pod t\u00edmto p\u0159\u00edsp\u011bvkem. Deset lid\u00ed odpov\u011bd\u011blo, \u017ee maj\u00ed v\u00a0rodin\u011b Parkinsonovu chorobu, tedy 65 % z\u00a0celkov\u00e9ho po\u010dtu sedmn\u00e1cti lid\u00ed (viz Graf 1).<\/span><\/p>\n<p style=\"text-align: justify;\"><span style=\"color: #000000; font-size: 14pt;\">Graf 1: <em>V\u00fdskyt Parkinsonovy choroby v\u00a0rodin\u011b s\u00a0TCS podle facebookov\u00e9 diskuse v zahrani\u010d\u00ed<\/em><\/span><\/p>\n<figure id=\"attachment_410\" aria-describedby=\"caption-attachment-410\" style=\"width: 559px\" class=\"wp-caption alignnone\"><a style=\"color: #000000;\" href=\"http:\/\/www.zivotsesyndromem.cz\/wp-content\/uploads\/2015\/04\/graf11.jpg\"><img loading=\"lazy\" decoding=\"async\" class=\" wp-image-410\" src=\"http:\/\/www.zivotsesyndromem.cz\/wp-content\/uploads\/2015\/04\/graf11-300x178.jpg\" alt=\"Graf 1\" width=\"569\" height=\"338\" \/><\/a><figcaption id=\"caption-attachment-410\" class=\"wp-caption-text\"><span style=\"color: #000000; font-size: 14pt;\">Graf 1<\/span><\/figcaption><\/figure>\n<p style=\"text-align: justify;\"><span style=\"color: #000000; font-size: 14pt;\">V\u00a0\u010desk\u00e9 facebookov\u00e9 skupin\u011b byl v\u00fdsledek opa\u010dn\u00fd. Jeden \u010dlov\u011bk potvrdil, \u017ee m\u011bl v\u00a0rodin\u011b Parkinsonovu chorobu, zbyl\u00fdch 5 lid\u00ed se s\u00a0Parkinsonem v\u00a0rodin\u011b nesetkali (viz Graf 2).<\/span><\/p>\n<p style=\"text-align: justify;\"><span style=\"color: #000000; font-size: 14pt;\">Graf 2: <em>V\u00fdskyt Parkinsonovy choroby v\u00a0rodin\u011b TCS v\u00a0\u010cR.<\/em><\/span><\/p>\n<figure id=\"attachment_412\" aria-describedby=\"caption-attachment-412\" style=\"width: 569px\" class=\"wp-caption alignnone\"><a style=\"color: #000000;\" href=\"http:\/\/www.zivotsesyndromem.cz\/wp-content\/uploads\/2015\/04\/graf21.jpg\"><img loading=\"lazy\" decoding=\"async\" class=\" wp-image-412\" src=\"http:\/\/www.zivotsesyndromem.cz\/wp-content\/uploads\/2015\/04\/graf21-300x173.jpg\" alt=\"Graf 2\" width=\"579\" height=\"334\" \/><\/a><figcaption id=\"caption-attachment-412\" class=\"wp-caption-text\"><span style=\"color: #000000; font-size: 14pt;\">Graf 2<\/span><\/figcaption><\/figure>\n<p style=\"text-align: justify;\"><span style=\"color: #000000; font-size: 14pt;\">Nev\u00e1hala jsem kontaktovat s\u00a0dotazem, zda tyhle dv\u011b diagn\u00f3zy maj\u00ed spole\u010dn\u00ed podklad, prim\u00e1\u0159ku odd\u011blen\u00ed l\u00e9ka\u0159sk\u00e9 genetiky v\u00a0d\u011btsk\u00e9 nemocnici v\u00a0Brn\u011b <b>Renatu Gaillyovou,<\/b> kter\u00e1 mi velmi rychle odpov\u011bd\u011bla na m\u016fj e-mail. Cituji jej\u00ed odpov\u011b\u010f: <b>\u201c<\/b><span style=\"font-family: Arial, serif;\"><b> Z jednoho chromosomu &#8222;vych\u00e1zej\u00ed&#8220; resp. na jednom chromosomu je ulo\u017eeno mnoho gen\u016f pro mnoho protein\u016f a chyby v t\u011bchto genech pak mohou b\u00fdt zodpov\u011bdn\u00e9 za r\u016fzn\u00e1 onemocn\u011bn\u00ed. Parkinsonova choroba je spojov\u00e1na s v\u00edce geny, nikoli jen s jedn\u00edm. Rovn\u011b\u017e tak syndrom Treacher Collins je spojov\u00e1n s v\u00edce geny &#8211; tedy situace (nejen) v na\u0161\u00ed<\/b><\/span><span style=\"font-family: Arial, serif;\"><b>\u00a0<\/b><\/span><span style=\"font-family: Arial, serif;\"><b>DNA<\/b><\/span><span style=\"font-family: Arial, serif;\"><b>\u00a0<\/b><\/span><span style=\"font-family: Arial, serif;\"><b>nen\u00ed jednoduch\u00e1.<\/b><\/span><b> <\/b><span style=\"font-family: Arial, serif;\"><b>Syndrom Treacher Collins je spojov\u00e1n s mutacemi min. ve 13 genech, kter\u00e9 jsou lokalizov\u00e1ny na t\u0159ech chromosomech, 5.6.a 13.\u201c<\/b><\/span><\/span><\/p>\n<p style=\"text-align: justify;\"><span style=\"color: #000000; font-size: 14pt;\"><span style=\"font-family: Arial, serif;\">Tab. 1: <\/span><em><span style=\"font-family: Arial, serif;\">Genetika Treacher Collins syndromu<\/span><\/em><span style=\"font-family: Arial, serif;\"> (<a href=\"http:\/\/omim.org\/\" target=\"_blank\" rel=\"noopener\">http:\/\/omim.org\/<\/a>)<\/span><\/span><\/p>\n<table width=\"621\" cellspacing=\"0\" cellpadding=\"7\">\n<colgroup>\n<col width=\"59\" \/>\n<col width=\"191\" \/>\n<col width=\"327\" \/> <\/colgroup>\n<tbody>\n<tr valign=\"top\">\n<td width=\"59\"><span style=\"font-family: Calibri, serif; color: #000000; font-size: 14pt;\">Lokace<\/span><\/td>\n<td width=\"191\"><span style=\"font-family: Calibri, serif; color: #000000; font-size: 14pt;\">Fenotyp<\/span><\/td>\n<td width=\"327\"><span style=\"font-family: Calibri, serif; color: #000000; font-size: 14pt;\">Gen\/Lokus<\/span><\/td>\n<\/tr>\n<tr valign=\"top\">\n<td width=\"59\"><span style=\"color: #000000; font-size: 14pt;\"><a style=\"color: #000000;\" href=\"http:\/\/omim.org\/geneMap\/5\/536?start=-3&amp;limit=10&amp;highlight=536\"><span style=\"font-family: Calibri, serif;\"><span style=\"text-decoration: underline;\">5q32<\/span><\/span><\/a><\/span><\/td>\n<td width=\"191\"><span style=\"color: #000000; font-size: 14pt;\"><a style=\"color: #000000;\" href=\"http:\/\/omim.org\/entry\/154500\"><span style=\"font-family: Calibri, serif;\"><span style=\"text-decoration: underline;\">Treacher Collins syndrome 1<\/span><\/span><\/a><\/span><\/td>\n<td width=\"327\"><span style=\"color: #000000; font-size: 14pt;\"><a style=\"color: #000000;\" href=\"http:\/\/omim.org\/entry\/606847\"><span style=\"font-family: Calibri, serif;\"><span style=\"text-decoration: underline;\">TCOF1, MFD1, TCS1<\/span><\/span><\/a><\/span><\/td>\n<\/tr>\n<tr valign=\"top\">\n<td width=\"59\"><span style=\"color: #000000; font-size: 14pt;\"><a style=\"color: #000000;\" href=\"http:\/\/omim.org\/geneMap\/6\/454?start=-3&amp;limit=10&amp;highlight=454\"><span style=\"font-family: Calibri, serif;\"><span style=\"text-decoration: underline;\">6p21.1<\/span><\/span><\/a><\/span><\/td>\n<td width=\"191\"><span style=\"color: #000000; font-size: 14pt;\"><a style=\"color: #000000;\" href=\"http:\/\/omim.org\/entry\/248390\"><span style=\"font-family: Calibri, serif;\"><span style=\"text-decoration: underline;\">Treacher Collins syndrome 3<\/span><\/span><\/a><\/span><\/td>\n<td width=\"327\"><span style=\"color: #000000; font-size: 14pt;\"><a style=\"color: #000000;\" href=\"http:\/\/omim.org\/entry\/610060\"><span style=\"font-family: Calibri, serif;\"><span style=\"text-decoration: underline;\">POLR1C, RPA39, RPA40, RPAC1, RPA5, TCS3<\/span><\/span><\/a><\/span><\/td>\n<\/tr>\n<tr valign=\"top\">\n<td width=\"59\"><span style=\"color: #000000; font-size: 14pt;\"><a style=\"color: #000000;\" href=\"http:\/\/omim.org\/geneMap\/13\/50?start=-3&amp;limit=10&amp;highlight=50\"><span style=\"font-family: Calibri, serif;\"><span style=\"text-decoration: underline;\">13q12.2<\/span><\/span><\/a><\/span><\/td>\n<td width=\"191\"><span style=\"color: #000000; font-size: 14pt;\"><a style=\"color: #000000;\" href=\"http:\/\/omim.org\/entry\/248390\"><span style=\"font-family: Calibri, serif;\"><span style=\"text-decoration: underline;\">Treacher Collins syndrome 3<\/span><\/span><\/a><\/span><\/td>\n<td width=\"327\"><span style=\"color: #000000; font-size: 14pt;\"><a style=\"color: #000000;\" href=\"http:\/\/omim.org\/entry\/613715\"><span style=\"font-family: Calibri, serif;\"><span style=\"text-decoration: underline;\">POLR1D, RPA16, RPAC2, TCS2<\/span><\/span><\/a><\/span><\/td>\n<\/tr>\n<\/tbody>\n<\/table>\n<p style=\"text-align: justify;\"><span style=\"color: #000000; font-size: 14pt;\"><span style=\"font-family: Arial, serif;\">V\u00a0tabulce 1 je detailn\u00ed genetika i s\u00a0odkazy na podrobn\u011bj\u0161\u00ed informace. Proto se ned\u00e1 jednozna\u010dn\u011b \u0159\u00edci, \u017ee Parkinsonova choroba m\u00e1 n\u011bjak\u00e9 spojen\u00ed s\u00a0Treacher Collins syndromem. V\u00fdskyt Parkinsonovy <\/span><span style=\"font-family: Arial, serif;\"><b>choroby<\/b><\/span><span style=\"font-family: Arial, serif;\"> je <\/span><span style=\"font-family: Arial, serif;\"><b>1:1000,<\/b><\/span><span style=\"font-family: Arial, serif;\"> u osob nad 60 let 1:100 (<\/span><strong><a style=\"color: #000000;\" href=\"http:\/\/www.psychiatriepropraxi.cz\/pdfs\/psy\/2007\/02\/03.pdf\" target=\"_blank\" rel=\"noopener\"><span style=\"font-family: Arial, serif;\">http:\/\/www.psychiatriepropraxi.cz\/pdfs\/psy\/2007\/02\/03.pdf<\/span><\/a><\/strong><span style=\"font-family: Arial, serif;\">). Kde\u017eto u v\u00fdskytu Treacher Collins je <\/span><span style=\"font-family: Arial, serif;\"><b>1 narozen\u00e9 d\u00edt\u011b na 50\u00a0000<\/b><\/span><span style=\"font-family: Arial, serif;\">. Proto nen\u00ed divu, \u017ee mnoho rodin m\u00e1 ve sv\u00e9 anamn\u00e9ze vedle Treacher Collins i Parkinsonovu chorobu.<\/span><\/span><\/p>\n<p style=\"text-align: justify;\"><span style=\"font-size: 14pt;\"><span style=\"font-family: Arial, serif;\"><b>V\u00a0\u010cesk\u00e9 republice trp\u00ed Parkinsonovou nemoc\u00ed okolo 16\u00a0000 obyvatel. Treacher Collins syndromem u n\u00e1s trp\u00ed asi 100 obyvatel.<\/b><\/span><span style=\"font-family: Arial, serif;\"> J\u00e1 osobn\u011b zn\u00e1m pouh\u00fdch 10-20 \u010desk\u00fdch jedinc\u016f trp\u00edc\u00ed Treacher Collins syndromem. Kde jsou ostatn\u00ed? <\/span><span style=\"font-family: Wingdings, serif;\">\uf04a<\/span><\/span><\/p>\n","protected":false},"excerpt":{"rendered":"<p> &#8230; <a title=\"Treacher Collins syndrom a Parkinsonova choroba\" class=\"read-more\" href=\"https:\/\/www.zivotsesyndromem.cz\/?p=339\" aria-label=\"\u010c\u00edst v\u00edce o Treacher Collins syndrom a Parkinsonova choroba\">Read More<\/a><\/p>\n","protected":false},"author":2,"featured_media":0,"comment_status":"open","ping_status":"open","sticky":false,"template":"","format":"gallery","meta":{"footnotes":""},"categories":[15],"tags":[],"class_list":["post-339","post","type-post","status-publish","format-gallery","hentry","category-novinky","post_format-post-format-gallery","generate-columns","tablet-grid-50","mobile-grid-100","grid-parent","grid-50"],"_links":{"self":[{"href":"https:\/\/www.zivotsesyndromem.cz\/index.php?rest_route=\/wp\/v2\/posts\/339","targetHints":{"allow":["GET"]}}],"collection":[{"href":"https:\/\/www.zivotsesyndromem.cz\/index.php?rest_route=\/wp\/v2\/posts"}],"about":[{"href":"https:\/\/www.zivotsesyndromem.cz\/index.php?rest_route=\/wp\/v2\/types\/post"}],"author":[{"embeddable":true,"href":"https:\/\/www.zivotsesyndromem.cz\/index.php?rest_route=\/wp\/v2\/users\/2"}],"replies":[{"embeddable":true,"href":"https:\/\/www.zivotsesyndromem.cz\/index.php?rest_route=%2Fwp%2Fv2%2Fcomments&post=339"}],"version-history":[{"count":0,"href":"https:\/\/www.zivotsesyndromem.cz\/index.php?rest_route=\/wp\/v2\/posts\/339\/revisions"}],"wp:attachment":[{"href":"https:\/\/www.zivotsesyndromem.cz\/index.php?rest_route=%2Fwp%2Fv2%2Fmedia&parent=339"}],"wp:term":[{"taxonomy":"category","embeddable":true,"href":"https:\/\/www.zivotsesyndromem.cz\/index.php?rest_route=%2Fwp%2Fv2%2Fcategories&post=339"},{"taxonomy":"post_tag","embeddable":true,"href":"https:\/\/www.zivotsesyndromem.cz\/index.php?rest_route=%2Fwp%2Fv2%2Ftags&post=339"}],"curies":[{"name":"wp","href":"https:\/\/api.w.org\/{rel}","templated":true}]}}