{"id":396,"date":"2015-04-30T20:14:01","date_gmt":"2015-04-30T18:14:01","guid":{"rendered":"http:\/\/www.zivotsesyndromem.cz\/?p=396"},"modified":"2015-04-30T20:14:01","modified_gmt":"2015-04-30T18:14:01","slug":"centrum-pro-lecbu-rozstepovych-vad-v-praze","status":"publish","type":"post","link":"https:\/\/www.zivotsesyndromem.cz\/?p=396","title":{"rendered":"Centrum pro l\u00e9\u010dbu roz\u0161t\u011bpov\u00fdch vad v Praze"},"content":{"rendered":"<p style=\"text-align: justify;\"><span style=\"font-size: 14pt;\">Fakultn\u00ed nemocnice Kr\u00e1lovsk\u00e9 Vinohrady m\u00e1 vlastn\u00ed <strong><a href=\"http:\/\/www.fnkv.cz\/rostepove-centrum.php\" target=\"_blank\" rel=\"noopener\">Centrum pro l\u00e9\u010dbu roz\u0161t\u011bpov\u00fdch vad<\/a>.<\/strong><\/span><\/p>\n<p style=\"text-align: justify;\"><span style=\"font-size: 14pt;\">Statut Centra pro l\u00e9\u010dbu roz\u0161t\u011bpov\u00fdch vad obli\u010deje pro \u010cechy byl na t\u00e9to klinice ud\u011blen <strong>MZ \u010cR<\/strong> v <strong>roce 2001<\/strong>. Centrum prov\u00e1d\u00ed dispenzarizaci a <strong>l\u00e9\u010dbu roz\u0161t\u011bpov\u00fdch vad obli\u010deje od narozen\u00ed a\u017e do dosp\u011blosti.\u00a0<\/strong><\/span><\/p>\n<p style=\"text-align: justify;\"><span style=\"font-size: 14pt;\">Poradna pro roz\u0161t\u011bpy obli\u010deje je na <strong>ambulanci \u010d. 1 a 2<\/strong> v p\u0159\u00edzem\u00ed kliniky,<\/span><br \/>\n<span style=\"font-size: 14pt;\"> pavilonu N a to v\u017edy <strong>ve st\u0159edu mezi 9:00 &#8211; 12:00 hod<\/strong>, tel: <strong>+420 267 16 3304<\/strong><\/span><\/p>\n<p style=\"text-align: justify;\"><strong><span style=\"font-size: 14pt;\">MUDr. Eva Leamerov\u00e1<\/span><\/strong><br \/>\n<span style=\"font-size: 14pt;\"> Telefon: 267\u00a0163\u00a0309<\/span><\/p>\n<p style=\"text-align: justify;\"><strong><span style=\"font-size: 14pt;\">Fakultn\u00ed nemocnice Kr\u00e1lovsk\u00e9 Vinohrady<\/span><\/strong><br \/>\n<span style=\"font-size: 14pt;\"> \u0160rob\u00e1rova 50<\/span><br \/>\n<span style=\"font-size: 14pt;\"> 100 34 Praha 10<\/span><\/p>\n","protected":false},"excerpt":{"rendered":"<p> &#8230; <a title=\"Centrum pro l\u00e9\u010dbu roz\u0161t\u011bpov\u00fdch vad v Praze\" class=\"read-more\" href=\"https:\/\/www.zivotsesyndromem.cz\/?p=396\" aria-label=\"\u010c\u00edst v\u00edce o Centrum pro l\u00e9\u010dbu roz\u0161t\u011bpov\u00fdch vad v Praze\">Read More<\/a><\/p>\n","protected":false},"author":2,"featured_media":0,"comment_status":"open","ping_status":"open","sticky":false,"template":"","format":"gallery","meta":{"footnotes":""},"categories":[16],"tags":[],"class_list":["post-396","post","type-post","status-publish","format-gallery","hentry","category-odkazy","post_format-post-format-gallery","generate-columns","tablet-grid-50","mobile-grid-100","grid-parent","grid-50"],"_links":{"self":[{"href":"https:\/\/www.zivotsesyndromem.cz\/index.php?rest_route=\/wp\/v2\/posts\/396","targetHints":{"allow":["GET"]}}],"collection":[{"href":"https:\/\/www.zivotsesyndromem.cz\/index.php?rest_route=\/wp\/v2\/posts"}],"about":[{"href":"https:\/\/www.zivotsesyndromem.cz\/index.php?rest_route=\/wp\/v2\/types\/post"}],"author":[{"embeddable":true,"href":"https:\/\/www.zivotsesyndromem.cz\/index.php?rest_route=\/wp\/v2\/users\/2"}],"replies":[{"embeddable":true,"href":"https:\/\/www.zivotsesyndromem.cz\/index.php?rest_route=%2Fwp%2Fv2%2Fcomments&post=396"}],"version-history":[{"count":0,"href":"https:\/\/www.zivotsesyndromem.cz\/index.php?rest_route=\/wp\/v2\/posts\/396\/revisions"}],"wp:attachment":[{"href":"https:\/\/www.zivotsesyndromem.cz\/index.php?rest_route=%2Fwp%2Fv2%2Fmedia&parent=396"}],"wp:term":[{"taxonomy":"category","embeddable":true,"href":"https:\/\/www.zivotsesyndromem.cz\/index.php?rest_route=%2Fwp%2Fv2%2Fcategories&post=396"},{"taxonomy":"post_tag","embeddable":true,"href":"https:\/\/www.zivotsesyndromem.cz\/index.php?rest_route=%2Fwp%2Fv2%2Ftags&post=396"}],"curies":[{"name":"wp","href":"https:\/\/api.w.org\/{rel}","templated":true}]}}