{"id":442,"date":"2015-04-12T21:35:34","date_gmt":"2015-04-12T19:35:34","guid":{"rendered":"http:\/\/www.zivotsesyndromem.cz\/?p=442"},"modified":"2015-04-12T21:35:34","modified_gmt":"2015-04-12T19:35:34","slug":"prvni-setkani-v-brne-v-roce-2008","status":"publish","type":"post","link":"https:\/\/www.zivotsesyndromem.cz\/?p=442","title":{"rendered":"Prvn\u00ed setk\u00e1n\u00ed v Brn\u011b (v roce 2008)"},"content":{"rendered":"<p class=\"western\" style=\"text-align: left;\" align=\"center\"><strong><span style=\"font-size: 14pt;\">30.5.2008<\/span><\/strong><\/p>\n<p class=\"western\" align=\"justify\"><span style=\"font-size: 14pt;\">Se Zuzkou se zn\u00e1m asi p\u016fl roku. Od t\u00e9 doby, co se mi ozvala na m\u016fj web, se v\u00edd\u00e1me dost \u010dasto. Byly jsme spolu na koncertech, na r\u016fzn\u00fdch v\u00fdletech, chod\u00edme do kav\u00e1rny a je to moc fajn. Jednoho dne se na webu objevil i vzkaz od Petry z Kladna, kter\u00e1 je posti\u017eena stejn\u00fdm syndromem jako my. Byly jsme velmi nad\u0161en\u00e9, kdy\u017e se Petra rozhodla p\u0159ijet za n\u00e1mi na n\u00e1v\u0161t\u011bvu do Brna.<\/span><\/p>\n<p class=\"western\" align=\"justify\"><span style=\"font-size: 14pt;\">Ur\u010dit ten spr\u00e1vn\u00fd den nebylo p\u0159\u00edli\u0161 snadn\u00e9, jeliko\u017e Petra pracuje jako zdravotn\u00ed sestra a nem\u016f\u017ee si jen tak dovolit nep\u0159ij\u00edt do pr\u00e1ce. To my studenti si nep\u0159ij\u00edt do \u0161koly klidn\u011b dovolit m\u016f\u017eeme. Setk\u00e1n\u00ed jsme nakonec domluvily na 30.5.2008, co\u017e byl vhodn\u00fd den i pro n\u00e1s. \u0160kola skon\u010dila, \u017e\u00e1dn\u00e1 zkou\u0161ka ten den. Ide\u00e1ln\u00ed! Petru jsme o\u010dek\u00e1vali kolem jeden\u00e1ct\u00e9. Byly jsme na n\u00ed ob\u011b zv\u011bdav\u00e9, jeliko\u017e jsme nem\u011bli mo\u017enost vid\u011bt \u017e\u00e1dnou jej\u00ed fotku. Kdy\u017e v\u0161ak ze sv\u00e9ho miniaturn\u00edho aut\u00ed\u010dka vystoupila vysok\u00e1 sebejist\u00e1 d\u00e1ma, bylo po obav\u00e1ch. Petra je i p\u0159es sv\u016fj handicap, nebo mo\u017en\u00e1 pr\u00e1v\u011b d\u00edky n\u011bmu, velice mil\u00fd a p\u0159\u00e1telsk\u00fd \u010dlov\u011bk.<\/span><\/p>\n<p class=\"western\" align=\"justify\"><span style=\"font-size: 14pt;\">Nejd\u0159\u00edv jsme za\u0161ly na spole\u010dn\u00fd ob\u011bd. Nejely jsme \u0161alinou, ale \u0161ly jsme p\u011b\u0161ky, co\u017e mohlo v n\u011bkter\u00fdch lidech vyvolat pocit, \u017ee potkal n\u00e1v\u0161t\u011bvu z Marsu (berte to s humorem:-)). Mus\u00edm ale \u0159\u00edct, \u017ee nikdo na n\u00e1s vylo\u017een\u011b nez\u00edral, ani v\u00a0restauraci si n\u00e1s host\u00e9 prakticky nev\u0161\u00edmali. Dosp\u011bl\u00ed lid\u00e9 jsou docela ch\u00e1pav\u00ed, od pubert\u00e1ln\u00edch d\u011bt\u00ed pochopen\u00ed \u010dekat nem\u016f\u017eeme. Po chutn\u00e9m ob\u011bd\u011b jsme popo\u0161ly o kousek d\u00e1l do kav\u00e1rny, kam pravideln\u011b se Zuzkou chod\u00edme, tak\u017ee n\u00e1s tam u\u017e docela znaj\u00ed. Mo\u017en\u00e1 \u017ee se z n\u00ed stane brzy kav\u00e1rna spolku TCS. Obsluze to m\u016f\u017ee b\u00fdt jedno, aspo\u0148 si v\u00edc narej\u017euj\u00ed \ud83d\ude42 V\u00a0kav\u00e1rn\u011b jsme se rozpov\u00eddaly o v\u0161em mo\u017en\u00e9m, nejen o na\u0161em d\u011btstv\u00ed a dosp\u00edv\u00e1n\u00ed, ale i o zku\u0161enostech s\u00a0nemocnic\u00ed, l\u00e9ka\u0159i, o \u201ep\u0159e\u017eit\u00ed\u201c ve \u0161kole, a o v\u011bcech v\u0161edn\u00edho \u017eivota. Nejv\u00edc n\u00e1s v\u0161ak se Zuzkou zaj\u00edmalo, kde se hled\u00e1 man\u017eel (Petra je toti\u017e skoro rok \u0161\u0165astn\u011b vdan\u00e1). Po\u010dk\u00e1me si je\u0161t\u011b p\u00e1r let a uvid\u00edme<span style=\"font-family: Wingdings;\">\uf04a<\/span>. Jsme p\u0159ece je\u0161t\u011b dost mlad\u00e9\u2026 Navz\u00e1jem jsme si tak\u00e9 prohl\u00e9dly sv\u00e9 fotky od d\u011btstv\u00ed po sou\u010dasnost. Na n\u011bkter\u00fdch fotk\u00e1ch, zvl\u00e1\u0161t\u011b v\u00a0d\u011btstv\u00ed, by se dalo h\u00e1dat, kdo je kdo<span style=\"font-family: Wingdings;\">\uf04a<\/span>. Jako d\u011bti jsme vypadaly v\u0161echny t\u00e9m\u011b\u0159 stejn\u011b.<\/span><\/p>\n<p class=\"western\" align=\"justify\"><span style=\"font-size: 14pt;\">Setk\u00e1n\u00ed jsme zakon\u010dily proch\u00e1zkou na Krav\u00ed horu. Po\u010das\u00ed bylo h\u0159ejiv\u00e9 a slune\u010dn\u00e9, mo\u017en\u00e1 a\u017e moc. V\u00a0pozdn\u00edch odpoledn\u00edch hodin\u00e1ch jsme se rozlou\u010dily s\u00a0p\u0159\u00edslibem, \u017ee se zase uvid\u00edme, t\u0159eba v\u00a0Praze<span style=\"font-family: Wingdings;\">\uf04a<\/span>, kam n\u00e1s zase na opl\u00e1tku pozvala Petra.<\/span><\/p>\n<p class=\"western\" align=\"justify\"><span style=\"font-size: 14pt;\">Douf\u00e1m, \u017ee v\u00a0budoucnu bude takov\u00fdch setk\u00e1n\u00ed v\u00edc a ve v\u011bt\u0161\u00edm po\u010dtu<span style=\"font-family: Wingdings;\">\uf04a<\/span> .<\/span><\/p>\n","protected":false},"excerpt":{"rendered":"<p> &#8230; <a title=\"Prvn\u00ed setk\u00e1n\u00ed v Brn\u011b (v roce 2008)\" class=\"read-more\" href=\"https:\/\/www.zivotsesyndromem.cz\/?p=442\" aria-label=\"\u010c\u00edst v\u00edce o Prvn\u00ed setk\u00e1n\u00ed v Brn\u011b (v roce 2008)\">Read More<\/a><\/p>\n","protected":false},"author":2,"featured_media":0,"comment_status":"open","ping_status":"open","sticky":false,"template":"","format":"gallery","meta":{"footnotes":""},"categories":[15],"tags":[],"class_list":["post-442","post","type-post","status-publish","format-gallery","hentry","category-novinky","post_format-post-format-gallery","generate-columns","tablet-grid-50","mobile-grid-100","grid-parent","grid-50"],"_links":{"self":[{"href":"https:\/\/www.zivotsesyndromem.cz\/index.php?rest_route=\/wp\/v2\/posts\/442","targetHints":{"allow":["GET"]}}],"collection":[{"href":"https:\/\/www.zivotsesyndromem.cz\/index.php?rest_route=\/wp\/v2\/posts"}],"about":[{"href":"https:\/\/www.zivotsesyndromem.cz\/index.php?rest_route=\/wp\/v2\/types\/post"}],"author":[{"embeddable":true,"href":"https:\/\/www.zivotsesyndromem.cz\/index.php?rest_route=\/wp\/v2\/users\/2"}],"replies":[{"embeddable":true,"href":"https:\/\/www.zivotsesyndromem.cz\/index.php?rest_route=%2Fwp%2Fv2%2Fcomments&post=442"}],"version-history":[{"count":0,"href":"https:\/\/www.zivotsesyndromem.cz\/index.php?rest_route=\/wp\/v2\/posts\/442\/revisions"}],"wp:attachment":[{"href":"https:\/\/www.zivotsesyndromem.cz\/index.php?rest_route=%2Fwp%2Fv2%2Fmedia&parent=442"}],"wp:term":[{"taxonomy":"category","embeddable":true,"href":"https:\/\/www.zivotsesyndromem.cz\/index.php?rest_route=%2Fwp%2Fv2%2Fcategories&post=442"},{"taxonomy":"post_tag","embeddable":true,"href":"https:\/\/www.zivotsesyndromem.cz\/index.php?rest_route=%2Fwp%2Fv2%2Ftags&post=442"}],"curies":[{"name":"wp","href":"https:\/\/api.w.org\/{rel}","templated":true}]}}