{"id":871,"date":"2021-02-15T11:07:14","date_gmt":"2021-02-15T10:07:14","guid":{"rendered":"http:\/\/www.zivotsesyndromem.cz\/?p=871"},"modified":"2021-02-15T11:07:14","modified_gmt":"2021-02-15T10:07:14","slug":"odborne-diplomove-prace","status":"publish","type":"post","link":"https:\/\/www.zivotsesyndromem.cz\/?p=871","title":{"rendered":"Odborn\u00e9 z\u00e1v\u011bre\u010dn\u00e9 pr\u00e1ce"},"content":{"rendered":"<p><span style=\"font-size: 14pt;\">Diagn\u00f3zy <strong>Treacher Collins syndrom<\/strong> nebo <strong>Goldenhar syndrom<\/strong> jsou vhodn\u00fdmi t\u00e9maty pro z\u00e1v\u011bre\u010dn\u00e9 pr\u00e1ce na vysok\u00fdch \u0161kol\u00e1ch.\u00a0Studenti se t\u011bmto t\u00e9mat\u016fm mohou v\u011bnovat na \u00a0<strong>l\u00e9ka\u0159sk\u00fdch, pedagogick\u00fdch <\/strong>i<strong> filosofick\u00fdch fakult\u00e1ch.<\/strong><\/span><br \/>\n<span style=\"font-size: 14pt;\"> Nej\u010dast\u011bji se studenti v\u011bnuj\u00ed t\u00e9matu<strong> sluchu\u00a0<\/strong>\u00a0(druhy nedosl\u00fdchavosti, kompenzace nedosl\u00fdchavosti) a\u00a0<strong>\u0159e\u010di\u00a0<\/strong>(roz\u0161t\u011bpov\u00e9 vady, logopedick\u00e1 p\u00e9\u010de). Zaj\u00edmav\u00e9 t\u00e9ma v r\u00e1mci syndrom\u016f je i\u00a0\u00a0<strong>socializace ve spole\u010dnosti <\/strong>(\u0161kolka, \u0161kola, pr\u00e1ce, partnersk\u00fd \u017eivot, rodina) a jak k n\u00ed p\u0159istupovat.<\/span><\/p>\n<ul>\n<li><span style=\"font-size: 14pt;\"><a href=\"https:\/\/dk.upce.cz\/bitstream\/handle\/10195\/78403\/KovarovaK_TreacherCollinsuv_syndrom_LS_2021.pdf?sequence=1\" target=\"_blank\" rel=\"noopener\">TREACHER COLLINS SYNDROM &#8211; Kov\u00e1\u0159ov\u00e1\u00a0<\/a><\/span><br \/>\n<span style=\"font-size: 14pt;\"> Bc. Kate\u0159ina Kov\u00e1\u0159ov\u00e1, 2021, Fakulta chemicko-technologick\u00e1, Katedra biologick\u00fdch a biochemick\u00fdch v\u011bd, Univerzita Pardubice<\/span><br \/>\n<span style=\"font-size: 14pt;\"> <img loading=\"lazy\" decoding=\"async\" class=\"aligncenter\" src=\"https:\/\/gaudeamus.cz\/getFile\/case:show\/id:499041\/logo.jpg\" alt=\"Detail fakulty | GAUDEAMUS\" width=\"251\" height=\"112\" \/>\u00a0<\/span><\/li>\n<li><span style=\"font-size: 14pt;\"><a href=\"https:\/\/theses.cz\/id\/7n1mvl\/#panel_text\" target=\"_blank\" rel=\"noopener\">TREACHER COLLINS SYNDROM &#8211; \u010cernohorsk\u00e1<\/a><\/span><br \/>\n<span style=\"font-size: 14pt;\"> Bc. Gabriela \u010cernohorsk\u00e1, 2021, Pedagogick\u00e1 fakulta, Jiho\u010desk\u00e1 univerzita v \u010cesk\u00fdch Bud\u011bjovic\u00edch<\/span><br \/>\n<span style=\"font-size: 14pt;\"> <img loading=\"lazy\" decoding=\"async\" class=\"aligncenter\" src=\"https:\/\/www.pf.jcu.cz\/layout\/assets\/img\/pf_only_logo.png\" alt=\"Pedagogick\u00e1 fakulta Jiho\u010desk\u00e9 univerzity - Pedagogick\u00e1 fakulta JU\" width=\"293\" height=\"121\" \/><\/span><\/li>\n<\/ul>\n<p>&nbsp;<\/p>\n<ul>\n<li><span style=\"font-size: 14pt;\"><a href=\"https:\/\/is.muni.cz\/th\/j5eck\/Kvalita_zivota_osob_s_Goldenhar_syndromem.pdf\" target=\"_blank\" rel=\"noopener\">KVALITA \u017dIVOT OSOB GOLDENHAR SYNDROMEM &#8211; Havelkov\u00e1<\/a><\/span><br \/>\n<span style=\"font-size: 14pt;\"><span style=\"font-size: 14pt;\">Bc. Aneta\u00a0 Havelkov\u00e1, 2020, Pedagogick\u00e1 fakulta, MUNI, Brno<\/span><\/span>&nbsp;<\/li>\n<li><span style=\"font-size: 14pt;\"><span style=\"font-size: 14pt;\"><a href=\"https:\/\/is.muni.cz\/th\/jan6m\/Diplomova_prace_-_Kristyna_Skokanova.pdf\" target=\"_blank\" rel=\"noopener\">\u017dIVOT RODINY S D\u00cdT\u011aTEM S TREACHER COLLINS SYNDROMEM &#8211; Skokanov\u00e1<br \/>\n<\/a>Mgr. Krist\u00fdna Skokanov\u00e1, 2020, Pedagogick\u00e1 fakulta, MUNI, Brno<\/span><\/span><\/li>\n<li><span style=\"font-size: 14pt;\"><a href=\"https:\/\/is.muni.cz\/th\/m25au\/diplomka_hotovo_.pdf\" target=\"_blank\" rel=\"noopener\">SPECIFIKA V\u00ddVOJE D\u00cdT\u011aTE S GOLDENHAROV\u00ddM SYNDROMEM V P\u0158ED\u0160KOLN\u00cdM V\u011aKU &#8211; M\u00f3riov\u00e1<\/a><\/span><br \/>\n<span style=\"font-size: 14pt;\"> Bc. Michaela M\u00f3riov\u00e1 DiS., 2020, Pedagogick\u00e1 fakulta, MUNI, Brno\u00a0<\/span><\/li>\n<\/ul>\n<p><span style=\"font-size: 14pt;\"><a href=\"https:\/\/www.zivotsesyndromem.cz\/wp-content\/uploads\/2020\/04\/muni_pedagogika.gif\"><img loading=\"lazy\" decoding=\"async\" class=\"aligncenter wp-image-2547 size-thumbnail\" src=\"https:\/\/www.zivotsesyndromem.cz\/wp-content\/uploads\/2020\/04\/muni_pedagogika-150x150.gif\" alt=\"\" width=\"150\" height=\"150\" \/><\/a><\/span><\/p>\n<ul>\n<li><span style=\"font-size: 14pt;\"><a href=\"https:\/\/dk.upce.cz\/bitstream\/handle\/10195\/73452\/ZamecnikovaA_Socializace_TCS_ZS_2019.pdf?sequence=1&amp;isAllowed=y\" target=\"_blank\" rel=\"noopener\">SOCIALIZACE OSOBNOSTI S TREACHER COLLINS SYNDROMEM &#8211; Z\u00e1me\u010dn\u00edkov\u00e1 <\/a><\/span><br \/>\n<span style=\"font-size: 14pt;\"> Mgr. Aneta Z\u00e1me\u010dn\u00edkov\u00e1, 2019, Filosofick\u00e1 fakulta, Univerzita Pardubice<a href=\"https:\/\/www.zivotsesyndromem.cz\/wp-content\/uploads\/2015\/05\/UP_logo.jpg\"><img loading=\"lazy\" decoding=\"async\" class=\"aligncenter wp-image-2339 size-medium\" src=\"https:\/\/www.zivotsesyndromem.cz\/wp-content\/uploads\/2015\/05\/UP_logo-300x300.jpg\" alt=\"\" width=\"300\" height=\"300\" \/><\/a><\/span><\/li>\n<li><span style=\"font-size: 14pt;\"><a href=\"https:\/\/is.muni.cz\/th\/fc2ni\/\" target=\"_blank\" rel=\"noopener\">D\u00cdT\u011a S GOLDENHAROV\u00ddM SYNDROMEM V RAN\u00c9M A P\u0158ED\u0160KOLN\u00cdM V\u011aKU &#8211; J\u00c1NSK\u00c1<\/a><\/span><br \/>\n<span style=\"font-size: 14pt;\"><span style=\"font-size: 14pt;\"> Bc. Veronika J\u00e1nsk\u00e1, 2019, Pedagogick\u00e1 fakulta, MUNI Brno<\/span><\/span>&nbsp;<\/li>\n<li><span style=\"font-size: 14pt;\"><a href=\"https:\/\/is.cuni.cz\/webapps\/zzp\/download\/130225925\" target=\"_blank\" rel=\"noopener\">PODPORA RODIN D\u011aT\u00cd SE VZ\u00c1CN\u00ddM ONEMOCN\u011aN\u00cdM &#8211; B\u00edbov\u00e1<br \/>\n<\/a>Bc. Monika B\u00edbov\u00e1, 2018, Pedagogick\u00e1 fakulta, UK, Praha<\/span><\/li>\n<li><span style=\"font-size: 14pt;\"><img loading=\"lazy\" decoding=\"async\" class=\"aligncenter\" src=\"https:\/\/cuni.cz\/UK-6450-version1-znak_uk_cerna_barva.jpg\" alt=\"Znak UK - Univerzita Karlova\" width=\"269\" height=\"241\" \/>\u00a0<a href=\"https:\/\/theses.cz\/id\/9pugkb\/DP_Jilkova_Miluse.txt\" target=\"_blank\" rel=\"noopener\">SLUCHOV\u00c9 POSTI\u017dEN\u00cd JAKO SYNDROM\u00c1LN\u00cd VADA &#8211; J\u00edlkov\u00e1\u00a0<\/a><\/span><br \/>\n<span style=\"font-size: 14pt;\"> Bc. et Bc. Milu\u0161e J\u00edlkov\u00e1, 2016, Pedagogick\u00e1 fakulta, UP, Olomouc<\/span><\/li>\n<li><span style=\"font-size: 14pt;\"><a href=\"https:\/\/www.zivotsesyndromem.cz\/wp-content\/uploads\/2015\/05\/Upalac.jpeg\"><img loading=\"lazy\" decoding=\"async\" class=\"aligncenter wp-image-2341 size-medium\" src=\"https:\/\/www.zivotsesyndromem.cz\/wp-content\/uploads\/2015\/05\/Upalac-300x300.jpeg\" alt=\"\" width=\"300\" height=\"300\" \/><\/a><a href=\"http:\/\/www.zivotsesyndromem.cz\/wp-content\/uploads\/2015\/05\/TREACHER-COLLINS-SYNDROM-Holubov\u00e1.pdf\" target=\"_blank\" rel=\"noopener\">TREACHER COLLINS SYNDROM &#8211; Holubov\u00e1<br \/>\n<\/a>Mgr. Zuzana Holubov\u00e1, 2013, Pedagogick\u00e1 fakulta, MUNI, Brno<a href=\"https:\/\/www.zivotsesyndromem.cz\/wp-content\/uploads\/2015\/05\/muni-logo.jpg\"><img loading=\"lazy\" decoding=\"async\" class=\"aligncenter wp-image-2343 size-medium\" src=\"https:\/\/www.zivotsesyndromem.cz\/wp-content\/uploads\/2015\/05\/muni-logo-300x164.jpg\" alt=\"\" width=\"300\" height=\"164\" \/><\/a><\/span><\/li>\n<\/ul>\n<p>&nbsp;<\/p>\n<ul>\n<li><span style=\"font-size: 14pt;\"><a href=\"http:\/\/www.zivotsesyndromem.cz\/wp-content\/uploads\/2015\/05\/SYNDROMY-SPOJEN\u00c9-S-OROFACI\u00c1LN\u00cdMI-ROZ\u0160T\u011aPY-Kunhartov\u00e1.pdf\" target=\"_blank\" rel=\"noopener\">SYNDROMY SPOJEN\u00c9 S OROFACI\u00c1LN\u00cdMI ROZ\u0160T\u011aPY &#8211; Kunhartov\u00e1<\/a><\/span><br \/>\n<span style=\"font-size: 14pt;\"> Mgr. Monika Kunhartov\u00e1, 2010, Pedagogick\u00e1 fakulta, UP, Olomouc<\/span><a href=\"https:\/\/www.zivotsesyndromem.cz\/wp-content\/uploads\/2015\/05\/Upalac.jpeg\"><img loading=\"lazy\" decoding=\"async\" class=\"aligncenter wp-image-2341 size-medium\" src=\"https:\/\/www.zivotsesyndromem.cz\/wp-content\/uploads\/2015\/05\/Upalac-300x300.jpeg\" alt=\"\" width=\"300\" height=\"300\" \/><\/a><\/li>\n<\/ul>\n<p>&nbsp;<\/p>\n","protected":false},"excerpt":{"rendered":"<p> &#8230; <a title=\"Odborn\u00e9 z\u00e1v\u011bre\u010dn\u00e9 pr\u00e1ce\" class=\"read-more\" href=\"https:\/\/www.zivotsesyndromem.cz\/?p=871\" aria-label=\"\u010c\u00edst v\u00edce o Odborn\u00e9 z\u00e1v\u011bre\u010dn\u00e9 pr\u00e1ce\">Read More<\/a><\/p>\n","protected":false},"author":2,"featured_media":0,"comment_status":"open","ping_status":"open","sticky":false,"template":"","format":"gallery","meta":{"footnotes":""},"categories":[16],"tags":[],"class_list":["post-871","post","type-post","status-publish","format-gallery","hentry","category-odkazy","post_format-post-format-gallery","generate-columns","tablet-grid-50","mobile-grid-100","grid-parent","grid-50"],"_links":{"self":[{"href":"https:\/\/www.zivotsesyndromem.cz\/index.php?rest_route=\/wp\/v2\/posts\/871","targetHints":{"allow":["GET"]}}],"collection":[{"href":"https:\/\/www.zivotsesyndromem.cz\/index.php?rest_route=\/wp\/v2\/posts"}],"about":[{"href":"https:\/\/www.zivotsesyndromem.cz\/index.php?rest_route=\/wp\/v2\/types\/post"}],"author":[{"embeddable":true,"href":"https:\/\/www.zivotsesyndromem.cz\/index.php?rest_route=\/wp\/v2\/users\/2"}],"replies":[{"embeddable":true,"href":"https:\/\/www.zivotsesyndromem.cz\/index.php?rest_route=%2Fwp%2Fv2%2Fcomments&post=871"}],"version-history":[{"count":0,"href":"https:\/\/www.zivotsesyndromem.cz\/index.php?rest_route=\/wp\/v2\/posts\/871\/revisions"}],"wp:attachment":[{"href":"https:\/\/www.zivotsesyndromem.cz\/index.php?rest_route=%2Fwp%2Fv2%2Fmedia&parent=871"}],"wp:term":[{"taxonomy":"category","embeddable":true,"href":"https:\/\/www.zivotsesyndromem.cz\/index.php?rest_route=%2Fwp%2Fv2%2Fcategories&post=871"},{"taxonomy":"post_tag","embeddable":true,"href":"https:\/\/www.zivotsesyndromem.cz\/index.php?rest_route=%2Fwp%2Fv2%2Ftags&post=871"}],"curies":[{"name":"wp","href":"https:\/\/api.w.org\/{rel}","templated":true}]}}